{"id":28014,"date":"2025-12-02T17:11:54","date_gmt":"2025-12-02T20:11:54","guid":{"rendered":"https:\/\/diariorepublica.com.ar\/web\/?p=28014"},"modified":"2025-12-02T17:11:56","modified_gmt":"2025-12-02T20:11:56","slug":"putin-advierte-no-tenemos-intencion-de-entrar-en-guerra-con-europa-pero-si-ella-quiere-estamos-listos","status":"publish","type":"post","link":"https:\/\/diariorepublica.com.ar\/web\/index.php\/internacionales\/2025\/12\/02\/putin-advierte-no-tenemos-intencion-de-entrar-en-guerra-con-europa-pero-si-ella-quiere-estamos-listos\/","title":{"rendered":"Putin advierte: No tenemos intenci\u00f3n de entrar en guerra con Europa, pero si ella quiere, estamos listos"},"content":{"rendered":"<article id=\"article-post\" class=\"first\">\n<div class=\"cuerpo\" data-twitter-link=\"https:\/\/twitter.com\/intent\/tweet?url=https:\/\/www.diariopopular.com.ar\/c874315&amp;via=poopulardiario&amp;related=Popular&amp;text=\">\n<p>El presidente de Rusia, Vlad\u00edmir Putin, explic\u00f3 este martes ante la prensa por qu\u00e9 l<strong>a Uni\u00f3n Europea (UE) no participa en las negociaciones de paz<\/strong>\u00a0para poner fin al conflicto ucraniano.<\/p>\n<\/div>\n<\/article>\n<article id=\"article-post\">\n<div class=\"cuerpo\" data-twitter-link=\"https:\/\/twitter.com\/intent\/tweet?url=https:\/\/www.diariopopular.com.ar\/c874315&amp;via=poopulardiario&amp;related=Popular&amp;text=\">\n<p>El mandatario ruso destac\u00f3 que la UE se excluy\u00f3 a s\u00ed misma del proceso de paz ya que la tesis de infligir una derrota estrat\u00e9gica a Rusia sigue vigente all\u00ed hasta hoy. Agreg\u00f3 que los pa\u00edses europeos\u00a0<strong>viven en estas \u00abilusiones<\/strong>\u00ab, aunque \u00abentienden reflexivamente\u00bb que es algo del pasado y no pod\u00eda ser. \u00ab<strong>Confundieron lo deseado con lo real. No pueden admitirlo ante s\u00ed mismos<\/strong>\u00ab, declar\u00f3 Putin.<\/p>\n<p>Otra raz\u00f3n se centra en que, debido a la insatisfacci\u00f3n de los resultados del di\u00e1logo de paz actual, Europa empez\u00f3 a \u00abobstaculizar\u00bb a la Administraci\u00f3n estadounidense y al propio mandatario norteamericano\u00a0<strong>\u00abalcanzar la paz mediante negociaciones\u00bb<\/strong>, seg\u00fan el jefe de Estado ruso. En este contexto, Putin tambi\u00e9n denunci\u00f3 que el bloque comunitario no tiene \u00abuna agenda pac\u00edfica\u00bb.<\/p>\n<p>\u00ab<strong>Est\u00e1n del lado de la guerra<\/strong>\u00a0e, incluso cuando intentan introducir supuestamente algunos cambios en las propuestas de Trump, vemos claramente que todos estos cambios tienen un \u00fanico objetivo: bloquear todo el proceso de paz y plantear exigencias que son absolutamente inaceptables para Rusia\u00bb, asever\u00f3 el mandatario ruso.<\/p>\n<p>Adem\u00e1s, el presidente de Rusia indic\u00f3 que si Europa inicia una guerra con Rusia, pronto \u00abMosc\u00fa no tendr\u00e1 con qui\u00e9n negociar\u00bb.<\/p>\n<p>El pasado domingo, delegaciones de Estados Unidos y de Ucrania se reunieron en Florida para continuar las negociaciones sobre el plan de paz de Donald Trump. Seg\u00fan el secretario de Estado de EE.UU., Marco Rubio, las conversaciones fueron productivas, pero se\u00f1al\u00f3 que\u00a0<strong>a\u00fan queda trabajo por hacer.\u00a0<\/strong>Por su parte, el l\u00edder del r\u00e9gimen de Kiev, Volod\u00edmir Zelenski, afirm\u00f3 en una rueda de prensa en Par\u00eds que considera la cuesti\u00f3n territorial de la m\u00e1s dif\u00edcil en el di\u00e1logo para la resoluci\u00f3n del conflicto ruso-ucraniano.<\/p>\n<\/div>\n<\/article>\n","protected":false},"excerpt":{"rendered":"<p>El presidente de Rusia, Vlad\u00edmir Putin, explic\u00f3 este martes ante la prensa por qu\u00e9 la Uni\u00f3n Europea (UE) no participa<\/p>\n","protected":false},"author":1,"featured_media":28015,"comment_status":"closed","ping_status":"closed","sticky":false,"template":"","format":"standard","meta":{"footnotes":"","jetpack_publicize_message":"","jetpack_publicize_feature_enabled":true,"jetpack_social_post_already_shared":true,"jetpack_social_options":{"image_generator_settings":{"template":"highway","enabled":false},"version":2}},"categories":[6],"tags":[],"class_list":["post-28014","post","type-post","status-publish","format-standard","has-post-thumbnail","hentry","category-internacionales"],"jetpack_publicize_connections":[],"_links":{"self":[{"href":"https:\/\/diariorepublica.com.ar\/web\/index.php\/wp-json\/wp\/v2\/posts\/28014"}],"collection":[{"href":"https:\/\/diariorepublica.com.ar\/web\/index.php\/wp-json\/wp\/v2\/posts"}],"about":[{"href":"https:\/\/diariorepublica.com.ar\/web\/index.php\/wp-json\/wp\/v2\/types\/post"}],"author":[{"embeddable":true,"href":"https:\/\/diariorepublica.com.ar\/web\/index.php\/wp-json\/wp\/v2\/users\/1"}],"replies":[{"embeddable":true,"href":"https:\/\/diariorepublica.com.ar\/web\/index.php\/wp-json\/wp\/v2\/comments?post=28014"}],"version-history":[{"count":1,"href":"https:\/\/diariorepublica.com.ar\/web\/index.php\/wp-json\/wp\/v2\/posts\/28014\/revisions"}],"predecessor-version":[{"id":28016,"href":"https:\/\/diariorepublica.com.ar\/web\/index.php\/wp-json\/wp\/v2\/posts\/28014\/revisions\/28016"}],"wp:featuredmedia":[{"embeddable":true,"href":"https:\/\/diariorepublica.com.ar\/web\/index.php\/wp-json\/wp\/v2\/media\/28015"}],"wp:attachment":[{"href":"https:\/\/diariorepublica.com.ar\/web\/index.php\/wp-json\/wp\/v2\/media?parent=28014"}],"wp:term":[{"taxonomy":"category","embeddable":true,"href":"https:\/\/diariorepublica.com.ar\/web\/index.php\/wp-json\/wp\/v2\/categories?post=28014"},{"taxonomy":"post_tag","embeddable":true,"href":"https:\/\/diariorepublica.com.ar\/web\/index.php\/wp-json\/wp\/v2\/tags?post=28014"}],"curies":[{"name":"wp","href":"https:\/\/api.w.org\/{rel}","templated":true}]}}