{"id":28038,"date":"2025-12-03T13:16:42","date_gmt":"2025-12-03T16:16:42","guid":{"rendered":"https:\/\/diariorepublica.com.ar\/web\/?p=28038"},"modified":"2025-12-03T13:16:44","modified_gmt":"2025-12-03T16:16:44","slug":"asueto-por-el-dia-del-empleado-publico-2","status":"publish","type":"post","link":"https:\/\/diariorepublica.com.ar\/web\/index.php\/sociedad\/2025\/12\/03\/asueto-por-el-dia-del-empleado-publico-2\/","title":{"rendered":"Asueto por el D\u00eda del Empleado P\u00fablico"},"content":{"rendered":"<p>El Poder Ejecutivo de la provincia de Catamarca decret\u00f3 asueto administrativo para los empleados de la administraci\u00f3n p\u00fablica provincial el d\u00eda 19 de diciembre de 2025, en conmemoraci\u00f3n del D\u00eda del Empleado P\u00fablico.<\/p>\n<p>La medida, oficializada a trav\u00e9s del Decreto GS. Y JN 1566, busca permitir que los empleados p\u00fablicos provinciales puedan participar en actos conmemorativos en su d\u00eda.<\/p>\n<p>El decreto excluye a aquellos sectores de la administraci\u00f3n p\u00fablica que ya hayan disfrutado de asuetos o franquicias horarias durante el a\u00f1o en curso por la conmemoraci\u00f3n de su d\u00eda espec\u00edfico.<\/p>\n<p>Este asueto administrativo se celebra cada a\u00f1o el tercer viernes de diciembre, brindando un merecido reconocimiento a la labor de los empleados p\u00fablicos de Catamarca.<\/p>\n\n\n<p><\/p>\n","protected":false},"excerpt":{"rendered":"<p>El Poder Ejecutivo de la provincia de Catamarca decret\u00f3 asueto administrativo para los empleados de la administraci\u00f3n p\u00fablica provincial el<\/p>\n","protected":false},"author":1,"featured_media":28039,"comment_status":"closed","ping_status":"closed","sticky":false,"template":"","format":"standard","meta":{"footnotes":"","jetpack_publicize_message":"","jetpack_publicize_feature_enabled":true,"jetpack_social_post_already_shared":true,"jetpack_social_options":{"image_generator_settings":{"template":"highway","enabled":false},"version":2}},"categories":[3],"tags":[],"class_list":["post-28038","post","type-post","status-publish","format-standard","has-post-thumbnail","hentry","category-sociedad"],"jetpack_publicize_connections":[],"_links":{"self":[{"href":"https:\/\/diariorepublica.com.ar\/web\/index.php\/wp-json\/wp\/v2\/posts\/28038"}],"collection":[{"href":"https:\/\/diariorepublica.com.ar\/web\/index.php\/wp-json\/wp\/v2\/posts"}],"about":[{"href":"https:\/\/diariorepublica.com.ar\/web\/index.php\/wp-json\/wp\/v2\/types\/post"}],"author":[{"embeddable":true,"href":"https:\/\/diariorepublica.com.ar\/web\/index.php\/wp-json\/wp\/v2\/users\/1"}],"replies":[{"embeddable":true,"href":"https:\/\/diariorepublica.com.ar\/web\/index.php\/wp-json\/wp\/v2\/comments?post=28038"}],"version-history":[{"count":1,"href":"https:\/\/diariorepublica.com.ar\/web\/index.php\/wp-json\/wp\/v2\/posts\/28038\/revisions"}],"predecessor-version":[{"id":28040,"href":"https:\/\/diariorepublica.com.ar\/web\/index.php\/wp-json\/wp\/v2\/posts\/28038\/revisions\/28040"}],"wp:featuredmedia":[{"embeddable":true,"href":"https:\/\/diariorepublica.com.ar\/web\/index.php\/wp-json\/wp\/v2\/media\/28039"}],"wp:attachment":[{"href":"https:\/\/diariorepublica.com.ar\/web\/index.php\/wp-json\/wp\/v2\/media?parent=28038"}],"wp:term":[{"taxonomy":"category","embeddable":true,"href":"https:\/\/diariorepublica.com.ar\/web\/index.php\/wp-json\/wp\/v2\/categories?post=28038"},{"taxonomy":"post_tag","embeddable":true,"href":"https:\/\/diariorepublica.com.ar\/web\/index.php\/wp-json\/wp\/v2\/tags?post=28038"}],"curies":[{"name":"wp","href":"https:\/\/api.w.org\/{rel}","templated":true}]}}