{"id":28086,"date":"2025-12-05T08:46:48","date_gmt":"2025-12-05T11:46:48","guid":{"rendered":"https:\/\/diariorepublica.com.ar\/web\/?p=28086"},"modified":"2025-12-05T08:46:50","modified_gmt":"2025-12-05T11:46:50","slug":"catamarca-y-el-estado-de-nevada-avanzan-en-una-agenda-bilateral","status":"publish","type":"post","link":"https:\/\/diariorepublica.com.ar\/web\/index.php\/sociedad\/2025\/12\/05\/catamarca-y-el-estado-de-nevada-avanzan-en-una-agenda-bilateral\/","title":{"rendered":"Catamarca y el Estado de Nevada avanzan en una agenda bilateral"},"content":{"rendered":"<p>El gobernador Ra\u00fal Jalil recibi\u00f3 en Casa de Gobierno al equipo del Board de PROMPTEAR, en el marco de la presentaci\u00f3n oficial del Memorando de Entendimiento (MOU) firmado entre la provincia de Catamarca y el Estado de Nevada, Estados Unidos. El acuerdo constituye un primer paso para el desarrollo de una agenda de cooperaci\u00f3n bilateral orientada a fortalecer la miner\u00eda, la educaci\u00f3n y la innovaci\u00f3n tecnol\u00f3gica.<\/p>\n<p>Este avance es resultado directo de la reciente Trade Mission Nevada-Argentina, instancia en la que la Universidad de Nevada, Reno, junto con Carlos Cardillo en representaci\u00f3n de NCAR Reno, tuvieron un rol central en la articulaci\u00f3n institucional que permiti\u00f3 alcanzar este entendimiento. El intercambio acad\u00e9mico, cient\u00edfico y t\u00e9cnico impulsado durante la misi\u00f3n sent\u00f3 las bases para que hoy ambos gobiernos concreten esta nueva etapa de trabajo conjunto.<\/p>\n<p>El Memorando de Entendimiento establece la intenci\u00f3n de profundizar la colaboraci\u00f3n en temas estrat\u00e9gicos como la cadena de valor del litio, la investigaci\u00f3n aplicada, el desarrollo cient\u00edfico-tecnol\u00f3gico y la formaci\u00f3n de recursos humanos especializados. Asimismo, promueve nuevas oportunidades de capacitaci\u00f3n, innovaci\u00f3n productiva y cooperaci\u00f3n institucional entre ambas regiones.<\/p>\n<p>Desde PROMPTEAR destacaron la importancia del acuerdo y subrayaron que este hito \u00ababre m\u00faltiples posibilidades de trabajo conjunto entre Estados Unidos y Argentina\u00bb, reforzando el posicionamiento de Catamarca como un actor clave en el desarrollo minero y tecnol\u00f3gico del pa\u00eds.<\/p>\n","protected":false},"excerpt":{"rendered":"<p>El gobernador Ra\u00fal Jalil recibi\u00f3 en Casa de Gobierno al equipo del Board de PROMPTEAR, en el marco de la<\/p>\n","protected":false},"author":1,"featured_media":28087,"comment_status":"closed","ping_status":"closed","sticky":false,"template":"","format":"standard","meta":{"footnotes":"","jetpack_publicize_message":"","jetpack_publicize_feature_enabled":true,"jetpack_social_post_already_shared":true,"jetpack_social_options":{"image_generator_settings":{"template":"highway","enabled":false},"version":2}},"categories":[3],"tags":[],"class_list":["post-28086","post","type-post","status-publish","format-standard","has-post-thumbnail","hentry","category-sociedad"],"jetpack_publicize_connections":[],"_links":{"self":[{"href":"https:\/\/diariorepublica.com.ar\/web\/index.php\/wp-json\/wp\/v2\/posts\/28086"}],"collection":[{"href":"https:\/\/diariorepublica.com.ar\/web\/index.php\/wp-json\/wp\/v2\/posts"}],"about":[{"href":"https:\/\/diariorepublica.com.ar\/web\/index.php\/wp-json\/wp\/v2\/types\/post"}],"author":[{"embeddable":true,"href":"https:\/\/diariorepublica.com.ar\/web\/index.php\/wp-json\/wp\/v2\/users\/1"}],"replies":[{"embeddable":true,"href":"https:\/\/diariorepublica.com.ar\/web\/index.php\/wp-json\/wp\/v2\/comments?post=28086"}],"version-history":[{"count":1,"href":"https:\/\/diariorepublica.com.ar\/web\/index.php\/wp-json\/wp\/v2\/posts\/28086\/revisions"}],"predecessor-version":[{"id":28088,"href":"https:\/\/diariorepublica.com.ar\/web\/index.php\/wp-json\/wp\/v2\/posts\/28086\/revisions\/28088"}],"wp:featuredmedia":[{"embeddable":true,"href":"https:\/\/diariorepublica.com.ar\/web\/index.php\/wp-json\/wp\/v2\/media\/28087"}],"wp:attachment":[{"href":"https:\/\/diariorepublica.com.ar\/web\/index.php\/wp-json\/wp\/v2\/media?parent=28086"}],"wp:term":[{"taxonomy":"category","embeddable":true,"href":"https:\/\/diariorepublica.com.ar\/web\/index.php\/wp-json\/wp\/v2\/categories?post=28086"},{"taxonomy":"post_tag","embeddable":true,"href":"https:\/\/diariorepublica.com.ar\/web\/index.php\/wp-json\/wp\/v2\/tags?post=28086"}],"curies":[{"name":"wp","href":"https:\/\/api.w.org\/{rel}","templated":true}]}}