{"id":28089,"date":"2025-12-05T09:45:56","date_gmt":"2025-12-05T12:45:56","guid":{"rendered":"https:\/\/diariorepublica.com.ar\/web\/?p=28089"},"modified":"2025-12-05T09:45:58","modified_gmt":"2025-12-05T12:45:58","slug":"fiesta-de-la-virgen-del-valle-programacion-completa-para-este-viernes","status":"publish","type":"post","link":"https:\/\/diariorepublica.com.ar\/web\/index.php\/locales\/2025\/12\/05\/fiesta-de-la-virgen-del-valle-programacion-completa-para-este-viernes\/","title":{"rendered":"Fiesta de la Virgen del Valle: programaci\u00f3n completa para este viernes"},"content":{"rendered":"<p>este viernes 5 de diciembre se desarrollar\u00e1 el s\u00e9ptimo d\u00eda del Novenario, guiado por el lema: \u00abJesucristo, peregrino que nos lleva a la Misericordia\u00bb.<\/p>\n<p>En este marco, la comunidad est\u00e1 convocada a participar de una jornada con momentos de especial significado espiritual. La actividad central ser\u00e1\u00a0<strong>\u00abLa Noche de los Milagros: Las Maravillas de la Virgen del Valle\u00bb<\/strong>, programada para las\u00a0<strong>22:00<\/strong>, en la explanada del Paseo de la Fe.<\/p>\n<p>A continuaci\u00f3n, el detalle del programa previsto para este d\u00eda en ambos espacios de devoci\u00f3n mariana:<\/p>\n<p><strong>Programa de las Fiestas en honor de la Pura y Limpia Concepci\u00f3n del Valle &#8211; Santuario de la Gruta<\/strong><\/p>\n<p><strong>Viernes 5 de diciembre de 2025<\/strong><\/p>\n<p>10.00: Santo Rosario y confesiones. Bendiciones en general.<\/p>\n<p>12.00: Santo Rosario, rezo del \u00c1ngelus y letan\u00edas. Bendiciones en general del manto de la Virgen.<\/p>\n<p>18.15: Santo Rosario y rezo de la Novena. Confesiones.<\/p>\n<p>19.00: Santa Misa.<br \/>\nRinden homenaje: Legi\u00f3n de Mar\u00eda, Grupo de Rosario de Hombres, Hermanas y exalumnas del Huerto, Miembros de Entretiempo.<br \/>\nSigno lit\u00fargico: Al finalizar la celebraci\u00f3n, oraci\u00f3n de intercesi\u00f3n con imposici\u00f3n del manto de la Virgen.<\/p>\n<p><strong>Programa de las Fiestas en honor de la Pura y Limpia Concepci\u00f3n del Valle &#8211; Santuario Catedral<\/strong><\/p>\n<p><strong>Viernes 5 de diciembre de 2025<\/strong><\/p>\n<p>06.00: Santo Rosario.<\/p>\n<p>07.00: Misa (Ministerio de Miner\u00eda; autoridades y empleados; sector del campo e industria; colegios profesionales vinculados a la construcci\u00f3n).<\/p>\n<p>09.00: Misa (Poder Judicial de la Provincia y exmagistrados; Justicia Federal y Bolet\u00edn Oficial).<\/p>\n<p>11.00: Misa (Municipalidad de SFVC; autoridades y empleados; Concejo Deliberante; Direcci\u00f3n de Tr\u00e1nsito y Banda de M\u00fasica de SFVC).<\/p>\n<p>12.00: \u00c1ngelus y letan\u00edas.<\/p>\n<p>18.00: Santo Rosario.<\/p>\n<p>19.00: Misa (Junta del Apostolado Laico Organizado; Movimiento de Sch\u00f6nstatt; Uni\u00f3n Eucar\u00edstica Reparadora Diocesana).<\/p>\n<p>20.00: Novena y adoraci\u00f3n.<\/p>\n<p>21.00: Misa (Pastoral de Juventud Diocesana y diversos movimientos juveniles de la provincia).<\/p>\n<p>22.00: La Noche de los Milagros.<\/p>\n","protected":false},"excerpt":{"rendered":"<p>este viernes 5 de diciembre se desarrollar\u00e1 el s\u00e9ptimo d\u00eda del Novenario, guiado por el lema: \u00abJesucristo, peregrino que nos<\/p>\n","protected":false},"author":1,"featured_media":28090,"comment_status":"closed","ping_status":"closed","sticky":false,"template":"","format":"standard","meta":{"footnotes":"","jetpack_publicize_message":"","jetpack_publicize_feature_enabled":true,"jetpack_social_post_already_shared":true,"jetpack_social_options":{"image_generator_settings":{"template":"highway","enabled":false},"version":2}},"categories":[2],"tags":[],"class_list":["post-28089","post","type-post","status-publish","format-standard","has-post-thumbnail","hentry","category-locales"],"jetpack_publicize_connections":[],"_links":{"self":[{"href":"https:\/\/diariorepublica.com.ar\/web\/index.php\/wp-json\/wp\/v2\/posts\/28089"}],"collection":[{"href":"https:\/\/diariorepublica.com.ar\/web\/index.php\/wp-json\/wp\/v2\/posts"}],"about":[{"href":"https:\/\/diariorepublica.com.ar\/web\/index.php\/wp-json\/wp\/v2\/types\/post"}],"author":[{"embeddable":true,"href":"https:\/\/diariorepublica.com.ar\/web\/index.php\/wp-json\/wp\/v2\/users\/1"}],"replies":[{"embeddable":true,"href":"https:\/\/diariorepublica.com.ar\/web\/index.php\/wp-json\/wp\/v2\/comments?post=28089"}],"version-history":[{"count":1,"href":"https:\/\/diariorepublica.com.ar\/web\/index.php\/wp-json\/wp\/v2\/posts\/28089\/revisions"}],"predecessor-version":[{"id":28091,"href":"https:\/\/diariorepublica.com.ar\/web\/index.php\/wp-json\/wp\/v2\/posts\/28089\/revisions\/28091"}],"wp:featuredmedia":[{"embeddable":true,"href":"https:\/\/diariorepublica.com.ar\/web\/index.php\/wp-json\/wp\/v2\/media\/28090"}],"wp:attachment":[{"href":"https:\/\/diariorepublica.com.ar\/web\/index.php\/wp-json\/wp\/v2\/media?parent=28089"}],"wp:term":[{"taxonomy":"category","embeddable":true,"href":"https:\/\/diariorepublica.com.ar\/web\/index.php\/wp-json\/wp\/v2\/categories?post=28089"},{"taxonomy":"post_tag","embeddable":true,"href":"https:\/\/diariorepublica.com.ar\/web\/index.php\/wp-json\/wp\/v2\/tags?post=28089"}],"curies":[{"name":"wp","href":"https:\/\/api.w.org\/{rel}","templated":true}]}}