{"id":28104,"date":"2025-12-05T09:55:56","date_gmt":"2025-12-05T12:55:56","guid":{"rendered":"https:\/\/diariorepublica.com.ar\/web\/?p=28104"},"modified":"2025-12-05T09:56:10","modified_gmt":"2025-12-05T12:56:10","slug":"practica-libre-1-en-abu-dabi-lando-norris-primero-y-franco-colapinto-metio-un-solido-decimo-puesto","status":"publish","type":"post","link":"https:\/\/diariorepublica.com.ar\/web\/index.php\/deportes\/2025\/12\/05\/practica-libre-1-en-abu-dabi-lando-norris-primero-y-franco-colapinto-metio-un-solido-decimo-puesto\/","title":{"rendered":"Pr\u00e1ctica libre 1 en Abu Dabi: Lando Norris primero y Franco Colapinto meti\u00f3 un s\u00f3lido d\u00e9cimo puesto"},"content":{"rendered":"<article id=\"article-post\" class=\"first\">\n<div class=\"cuerpo\" data-twitter-link=\"https:\/\/twitter.com\/intent\/tweet?url=https:\/\/www.diariopopular.com.ar\/c874879&amp;via=poopulardiario&amp;related=Popular&amp;text=\">\n<p>Arranc\u00f3 el \u00faltimo fin de semana de la temporada de F\u00f3rmula 1 y la primera pr\u00e1ctica libre en Abu Dabi dej\u00f3 buenas sensaciones para Franco Colapinto, que cerr\u00f3 una muy firme d\u00e9cima posici\u00f3n, en medio de una tanda llena de pilotos suplentes.<\/p>\n<\/div>\n<\/article>\n<article id=\"article-post\">\n<div class=\"cuerpo\" data-twitter-link=\"https:\/\/twitter.com\/intent\/tweet?url=https:\/\/www.diariopopular.com.ar\/c874879&amp;via=poopulardiario&amp;related=Popular&amp;text=\">\n<p>Arriba de todo apareci\u00f3 Lando Norris, quien sigue so\u00f1ando con coronarse por primera vez campe\u00f3n del mundo. El brit\u00e1nico marc\u00f3 un tiempo de 1:24.485, apenas 8 mil\u00e9simas por delante de Max Verstappen, mientras que Charles Leclerc qued\u00f3 tercero a 16 mil\u00e9simas.<\/p>\n<p>Colapinto, que comparti\u00f3 la pista con varios debutantes y probadores, sac\u00f3 provecho de la situaci\u00f3n. Con su mejor vuelta en 1:24.855, qued\u00f3 a solo 370 mil\u00e9simas del mejor registro. Su compa\u00f1ero en esta sesi\u00f3n, el estonio Paul Aron (piloto reserva de Alpine) termin\u00f3 13\u00b0.<\/p>\n<p>En medio de varios pilotos suplentes, la tanda tambi\u00e9n tuvo al mexicano Patricio O\u2019Ward, piloto suplente que se subi\u00f3 al McLaren en lugar de Oscar Piastri. El australiano, candidato al t\u00edtulo, deber\u00e1 recuperar el ritmo en las pr\u00f3ximas pr\u00e1cticas para llegar fino a la clasificaci\u00f3n de ma\u00f1ana.<\/p>\n<p>La acci\u00f3n seguir\u00e1 a partir de las 10:00, cuando se ponga en marcha la Pr\u00e1ctica Libre 2 en Yas Marina. Tendremos un final fren\u00e9tico de F\u00f3rmula 1, en medio de la lucha entre los tres contrincantes, Lando Norris, Oscar Piastri y Max Verstappen, por ver qui\u00e9n se corona como el campe\u00f3n de la F\u00f3rmula 1.<\/p>\n<\/div>\n<\/article>\n","protected":false},"excerpt":{"rendered":"<p>Arranc\u00f3 el \u00faltimo fin de semana de la temporada de F\u00f3rmula 1 y la primera pr\u00e1ctica libre en Abu Dabi<\/p>\n","protected":false},"author":1,"featured_media":28105,"comment_status":"closed","ping_status":"closed","sticky":false,"template":"","format":"standard","meta":{"footnotes":"","jetpack_publicize_message":"","jetpack_publicize_feature_enabled":true,"jetpack_social_post_already_shared":true,"jetpack_social_options":{"image_generator_settings":{"template":"highway","enabled":false},"version":2}},"categories":[9],"tags":[],"class_list":["post-28104","post","type-post","status-publish","format-standard","has-post-thumbnail","hentry","category-deportes"],"jetpack_publicize_connections":[],"_links":{"self":[{"href":"https:\/\/diariorepublica.com.ar\/web\/index.php\/wp-json\/wp\/v2\/posts\/28104"}],"collection":[{"href":"https:\/\/diariorepublica.com.ar\/web\/index.php\/wp-json\/wp\/v2\/posts"}],"about":[{"href":"https:\/\/diariorepublica.com.ar\/web\/index.php\/wp-json\/wp\/v2\/types\/post"}],"author":[{"embeddable":true,"href":"https:\/\/diariorepublica.com.ar\/web\/index.php\/wp-json\/wp\/v2\/users\/1"}],"replies":[{"embeddable":true,"href":"https:\/\/diariorepublica.com.ar\/web\/index.php\/wp-json\/wp\/v2\/comments?post=28104"}],"version-history":[{"count":1,"href":"https:\/\/diariorepublica.com.ar\/web\/index.php\/wp-json\/wp\/v2\/posts\/28104\/revisions"}],"predecessor-version":[{"id":28106,"href":"https:\/\/diariorepublica.com.ar\/web\/index.php\/wp-json\/wp\/v2\/posts\/28104\/revisions\/28106"}],"wp:featuredmedia":[{"embeddable":true,"href":"https:\/\/diariorepublica.com.ar\/web\/index.php\/wp-json\/wp\/v2\/media\/28105"}],"wp:attachment":[{"href":"https:\/\/diariorepublica.com.ar\/web\/index.php\/wp-json\/wp\/v2\/media?parent=28104"}],"wp:term":[{"taxonomy":"category","embeddable":true,"href":"https:\/\/diariorepublica.com.ar\/web\/index.php\/wp-json\/wp\/v2\/categories?post=28104"},{"taxonomy":"post_tag","embeddable":true,"href":"https:\/\/diariorepublica.com.ar\/web\/index.php\/wp-json\/wp\/v2\/tags?post=28104"}],"curies":[{"name":"wp","href":"https:\/\/api.w.org\/{rel}","templated":true}]}}