{"id":2815,"date":"2023-05-16T07:59:54","date_gmt":"2023-05-16T10:59:54","guid":{"rendered":"https:\/\/diariorepublica.com.ar\/web\/?p=2815"},"modified":"2023-05-16T07:59:55","modified_gmt":"2023-05-16T10:59:55","slug":"rusia-lanzo-un-fuerte-ataque-aereo-excepcional-por-su-intensidad-sobre-kiev","status":"publish","type":"post","link":"https:\/\/diariorepublica.com.ar\/web\/index.php\/internacionales\/2023\/05\/16\/rusia-lanzo-un-fuerte-ataque-aereo-excepcional-por-su-intensidad-sobre-kiev\/","title":{"rendered":"Rusia lanz\u00f3 un fuerte ataque a\u00e9reo \u00abexcepcional por su intensidad\u00bb sobre Kiev"},"content":{"rendered":"<p><strong>Rusia<\/strong>\u00a0decidi\u00f3 comenzar el martes con fuertes ataques a\u00e9reos sobre\u00a0<strong>Kiev<\/strong>, seg\u00fan lo que denunciaron las autoridades ucranianas. Se trat\u00f3 de\u00a0la octava ofensiva en lo que va del mes, aunque remarcaron que\u00a0<strong>fue \u00abexcepcional\u00bb por la intensidad que tuvo la misma.\u00a0<\/strong><\/p>\n<p>Aviones no tripulados, misiles de crucero y probablemente misiles bal\u00edsticos fueron el armamento utilizado por el pa\u00eds presidido por\u00a0<strong>Vladimir\u00a0Putin<\/strong>\u00a0para arremeter contra la capital de Ucrania.\u00a0<strong>Serhiy Popko<\/strong>, jefe de la administraci\u00f3n militar de Kiev, remarc\u00f3 que \u00abfue excepcional por su densidad:\u00a0<strong>el m\u00e1ximo n\u00famero de misiles de ataque en el menor per\u00edodo de tiempo<\/strong>\u00ab.<\/p>\n<p>\u00abSeg\u00fan la informaci\u00f3n preliminar, \u00a1la gran mayor\u00eda de los objetivos enemigos en el espacio a\u00e9reo de Kiev fueron detectados y destruidos!\u00bb, mencion\u00f3 en segundo lugar.\u00a0 No se supo de inmediato cu\u00e1ntos objetos fueron derribados sobre la ciudad y si alguno de ellos logr\u00f3 dar en el blanco.<\/p>\n<p>Tras un par\u00e9ntesis de varias semanas, Rusia reanud\u00f3 a finales de abril su t\u00e1ctica de ataques con misiles de largo alcance y ha lanzado una oleada de ataques en los \u00faltimos d\u00edas, a menudo dirigidos contra Kiev.\u00a0<strong>Ucrania ha podido repeler hasta ahora la gran mayor\u00eda de los ataques<\/strong>.<\/p>\n<p>El martes se inform\u00f3 de la ca\u00edda de escombros en los distritos Obolonsky, Shevchenko, Solomyansky y Darnytsky de Kiev, seg\u00fan las autoridades.<\/p>\n<p>El alcalde de Kiev, Vitali Klitschko, dijo que\u00a0<strong>la ca\u00edda de escombros incendi\u00f3 varios coches y da\u00f1\u00f3 un edificio en el distrito de Solomyanskyi<\/strong>, en el oeste de la capital. Tres personas resultaron heridas.<\/p>\n<p>Klitschko declar\u00f3 que, al sur de Borispol, los sistemas de defensa antia\u00e9rea estaban repeliendo un ataque con drones. Borispol, ciudad situada al sureste de Kiev, alberga el principal aeropuerto de pasajeros de la capital, que ahora est\u00e1 cerrado.<\/p>\n<p>Los da\u00f1os en otros distritos no fueron significativos y no hubo informaci\u00f3n inmediata sobre posibles v\u00edctimas all\u00ed, dijo la administraci\u00f3n militar.<\/p>\n<p><strong>Las sirenas antia\u00e9reas sonaron en casi toda Ucrania en las primeras horas del martes<\/strong>, y se oyeron sobre Kiev y su regi\u00f3n durante m\u00e1s de tres horas.<\/p>\n","protected":false},"excerpt":{"rendered":"<p>Rusia\u00a0decidi\u00f3 comenzar el martes con fuertes ataques a\u00e9reos sobre\u00a0Kiev, seg\u00fan lo que denunciaron las autoridades ucranianas. Se trat\u00f3 de\u00a0la octava<\/p>\n","protected":false},"author":1,"featured_media":2816,"comment_status":"closed","ping_status":"closed","sticky":false,"template":"","format":"standard","meta":{"footnotes":"","jetpack_publicize_message":"","jetpack_publicize_feature_enabled":true,"jetpack_social_post_already_shared":false,"jetpack_social_options":{"image_generator_settings":{"template":"highway","enabled":false},"version":2}},"categories":[6],"tags":[],"class_list":["post-2815","post","type-post","status-publish","format-standard","has-post-thumbnail","hentry","category-internacionales"],"jetpack_publicize_connections":[],"_links":{"self":[{"href":"https:\/\/diariorepublica.com.ar\/web\/index.php\/wp-json\/wp\/v2\/posts\/2815"}],"collection":[{"href":"https:\/\/diariorepublica.com.ar\/web\/index.php\/wp-json\/wp\/v2\/posts"}],"about":[{"href":"https:\/\/diariorepublica.com.ar\/web\/index.php\/wp-json\/wp\/v2\/types\/post"}],"author":[{"embeddable":true,"href":"https:\/\/diariorepublica.com.ar\/web\/index.php\/wp-json\/wp\/v2\/users\/1"}],"replies":[{"embeddable":true,"href":"https:\/\/diariorepublica.com.ar\/web\/index.php\/wp-json\/wp\/v2\/comments?post=2815"}],"version-history":[{"count":1,"href":"https:\/\/diariorepublica.com.ar\/web\/index.php\/wp-json\/wp\/v2\/posts\/2815\/revisions"}],"predecessor-version":[{"id":2817,"href":"https:\/\/diariorepublica.com.ar\/web\/index.php\/wp-json\/wp\/v2\/posts\/2815\/revisions\/2817"}],"wp:featuredmedia":[{"embeddable":true,"href":"https:\/\/diariorepublica.com.ar\/web\/index.php\/wp-json\/wp\/v2\/media\/2816"}],"wp:attachment":[{"href":"https:\/\/diariorepublica.com.ar\/web\/index.php\/wp-json\/wp\/v2\/media?parent=2815"}],"wp:term":[{"taxonomy":"category","embeddable":true,"href":"https:\/\/diariorepublica.com.ar\/web\/index.php\/wp-json\/wp\/v2\/categories?post=2815"},{"taxonomy":"post_tag","embeddable":true,"href":"https:\/\/diariorepublica.com.ar\/web\/index.php\/wp-json\/wp\/v2\/tags?post=2815"}],"curies":[{"name":"wp","href":"https:\/\/api.w.org\/{rel}","templated":true}]}}