{"id":28160,"date":"2025-12-07T20:44:08","date_gmt":"2025-12-07T23:44:08","guid":{"rendered":"https:\/\/diariorepublica.com.ar\/web\/?p=28160"},"modified":"2025-12-07T20:44:10","modified_gmt":"2025-12-07T23:44:10","slug":"javier-milei-cierra-su-segundo-ano-de-gobierno-con-un-49-de-imagen-positiva","status":"publish","type":"post","link":"https:\/\/diariorepublica.com.ar\/web\/index.php\/politica\/2025\/12\/07\/javier-milei-cierra-su-segundo-ano-de-gobierno-con-un-49-de-imagen-positiva\/","title":{"rendered":"Javier Milei cierra su segundo a\u00f1o de gobierno con un 49% de imagen positiva"},"content":{"rendered":"<article class=\"article-body article-body--first-paragraph content-protected-false\" data-td-script-src=\"https:\/\/www.ambito.com\/td\/modulos\/encuestas\/js\/function-embeds-min-version-1764821169.js\">Despu\u00e9s de dos a\u00f1os de gesti\u00f3n, el presidente\u00a0<strong>Javier Milei\u00a0cierra 2025 con una imagen del 49%<\/strong>, un nivel m\u00e1s alto del que registraron, en la misma instancia de gobierno,\u00a0<strong>Mauricio Macri y Alberto Fern\u00e1ndez.<\/strong><\/p>\n<\/article>\n<article class=\"article-body article-body--second-paragraph content-protected-false\">A lo largo del a\u00f1o electoral, la imagen del mandatario y de su administraci\u00f3n sufri\u00f3\u00a0vaivenes, pero luego de la victoria en los comicios legislativos de octubre empez\u00f3 a repuntar y llega a diciembre en una situaci\u00f3n de mayor estabilidad.<\/p>\n<article class=\"article-body article-body--third-paragraph content-protected-false\">Los n\u00fameros se desprenden de la \u00faltima encuesta publicada por Opina Argentina, realizada a 1.772 personas entre el 1 y el 3 de diciembre. Respecto al \u00faltimo relevamiento hecho por la misma consultora,\u00a0<strong>la imagen de Milei creci\u00f3 un punto y cay\u00f3 dos su rechazo (pas\u00f3 de 52% a 50%).<\/strong><\/p>\n<\/article>\n<article class=\"article-body article-body--fourth-paragraph content-protected-false\">Una tendencia que se mantiene en el tiempo es la diferencia en la imagen del mandatario entre hombres y mujeres. De los varones consultados, casi 6 de cada 10 (57%) tiene una consideraci\u00f3n positiva.\u00a0<strong>Es exactamente inversa la situaci\u00f3n ante las mujeres: el 41% tiene una imagen positiva del presidente y el 57% una antip\u00e1tica<\/strong>. No obstante, desde marzo de 2025 la imagen negativa de\u00a0<strong>Milei es superior a la positiva<\/strong>.<\/p>\n<\/article>\n<article class=\"article-body article-body--fifth-paragraph content-protected-false\">A su vez, otro dato que se desprende de la encuesta es la posici\u00f3n de\u00a0<strong>Milei<\/strong>\u00a0en la percepci\u00f3n p\u00fablica respecto a sus antecesores. Despu\u00e9s de dos a\u00f1os de presidencia -per\u00edodo marcado por la pandemia-,\u00a0<strong>Alberto Fern\u00e1ndez lleg\u00f3 a 2021 con apenas 28% de imagen positiva. Su punto m\u00e1s alto hab\u00eda sido en marzo de 2020<\/strong>, tres meses despu\u00e9s de haber llegado a la Casa Rosada, cuando la aprobaci\u00f3n de su gesti\u00f3n hab\u00eda llegado al 82%. Por su parte,\u00a0<strong>Mauricio Macri lleg\u00f3 al final de 2017 con un 40% de imagen positiva<\/strong>\u00a0despu\u00e9s de haber ganado las elecciones de medio t\u00e9rmino, al igual que Milei.<\/p>\n<\/article>\n<article class=\"article-body article-body--remaining-paragraph content-protected-false\">Dentro del Gabinete, tambi\u00e9n hay puntos altos en la opini\u00f3n p\u00fablica: la saliente ministra de Seguridad Patricia Bullrich tiene el mismo nivel de imagen positiva y negativa que Milei y el ministro de Econom\u00eda,\u00a0<strong>Luis Caputo, 43 puntos porcentuales de imagen positiva y 52% negativa, una mejora en relaci\u00f3n al mes pasado.<\/strong><\/p>\n<p>ambito.com<\/p>\n<\/article>\n<\/article>\n","protected":false},"excerpt":{"rendered":"<p>Despu\u00e9s de dos a\u00f1os de gesti\u00f3n, el presidente\u00a0Javier Milei\u00a0cierra 2025 con una imagen del 49%, un nivel m\u00e1s alto del<\/p>\n","protected":false},"author":1,"featured_media":28161,"comment_status":"closed","ping_status":"closed","sticky":false,"template":"","format":"standard","meta":{"footnotes":"","jetpack_publicize_message":"","jetpack_publicize_feature_enabled":true,"jetpack_social_post_already_shared":true,"jetpack_social_options":{"image_generator_settings":{"template":"highway","enabled":false},"version":2}},"categories":[12],"tags":[],"class_list":["post-28160","post","type-post","status-publish","format-standard","has-post-thumbnail","hentry","category-politica"],"jetpack_publicize_connections":[],"_links":{"self":[{"href":"https:\/\/diariorepublica.com.ar\/web\/index.php\/wp-json\/wp\/v2\/posts\/28160"}],"collection":[{"href":"https:\/\/diariorepublica.com.ar\/web\/index.php\/wp-json\/wp\/v2\/posts"}],"about":[{"href":"https:\/\/diariorepublica.com.ar\/web\/index.php\/wp-json\/wp\/v2\/types\/post"}],"author":[{"embeddable":true,"href":"https:\/\/diariorepublica.com.ar\/web\/index.php\/wp-json\/wp\/v2\/users\/1"}],"replies":[{"embeddable":true,"href":"https:\/\/diariorepublica.com.ar\/web\/index.php\/wp-json\/wp\/v2\/comments?post=28160"}],"version-history":[{"count":1,"href":"https:\/\/diariorepublica.com.ar\/web\/index.php\/wp-json\/wp\/v2\/posts\/28160\/revisions"}],"predecessor-version":[{"id":28162,"href":"https:\/\/diariorepublica.com.ar\/web\/index.php\/wp-json\/wp\/v2\/posts\/28160\/revisions\/28162"}],"wp:featuredmedia":[{"embeddable":true,"href":"https:\/\/diariorepublica.com.ar\/web\/index.php\/wp-json\/wp\/v2\/media\/28161"}],"wp:attachment":[{"href":"https:\/\/diariorepublica.com.ar\/web\/index.php\/wp-json\/wp\/v2\/media?parent=28160"}],"wp:term":[{"taxonomy":"category","embeddable":true,"href":"https:\/\/diariorepublica.com.ar\/web\/index.php\/wp-json\/wp\/v2\/categories?post=28160"},{"taxonomy":"post_tag","embeddable":true,"href":"https:\/\/diariorepublica.com.ar\/web\/index.php\/wp-json\/wp\/v2\/tags?post=28160"}],"curies":[{"name":"wp","href":"https:\/\/api.w.org\/{rel}","templated":true}]}}