{"id":2826,"date":"2023-05-16T08:04:14","date_gmt":"2023-05-16T11:04:14","guid":{"rendered":"https:\/\/diariorepublica.com.ar\/web\/?p=2826"},"modified":"2023-05-16T08:04:15","modified_gmt":"2023-05-16T11:04:15","slug":"javier-milei-oficializo-a-victoria-villarruel-como-su-companera-de-formula","status":"publish","type":"post","link":"https:\/\/diariorepublica.com.ar\/web\/index.php\/nacionales\/2023\/05\/16\/javier-milei-oficializo-a-victoria-villarruel-como-su-companera-de-formula\/","title":{"rendered":"Javier Milei oficializ\u00f3 a Victoria Villarruel como su compa\u00f1era de f\u00f3rmula"},"content":{"rendered":"<article id=\"article-post\" class=\"first\">\n<div class=\"cuerpo\" data-twitter-link=\"https:\/\/twitter.com\/intent\/tweet?url=https:\/\/www.diariopopular.com.ar\/c715064&amp;via=poopulardiario&amp;related=Popular&amp;text=\">\n<p>Javier Milei, diputado nacional por La Libertad Avanza y precandidato a presidente,\u00a0<strong>present\u00f3 este lunes formalmente a la legisladora Victoria Villarruel<\/strong> como su compa\u00f1era de formula para las pr\u00f3ximas Primarias, Abiertas, Simult\u00e1neas y Obligatorias (PASO) en una entrevista en la cual afirm\u00f3: \u00abSomos como David contra Goliat, contra dos potencias electorales\u00bb.<\/p>\n<\/div>\n<\/article>\n<article id=\"article-post\">\n<div class=\"cuerpo\" data-twitter-link=\"https:\/\/twitter.com\/intent\/tweet?url=https:\/\/www.diariopopular.com.ar\/c715064&amp;via=poopulardiario&amp;related=Popular&amp;text=\">\n<p>\u00abLa eleg\u00ed porque es una persona brillante, \u00edntegra, honesta, y adem\u00e1s somos amigos; nos complementamos muy bien y para resolver las cuestiones que aquejan al pa\u00eds\u00bb, afirm\u00f3 Milei sobre la diputada nacional Villarruel, cuya candidatura a vicepresidenta oficializ\u00f3 en el canal La Naci\u00f3n+.<\/p>\n<p>El diputado nacional libertario destac\u00f3 el conocimiento de Villarruel en materia de \u00abseguridad, defensa interior y derechos humanos\u00bb. \u00ab<strong>Javier Milei es un fuera de serie<\/strong>\u00ab, destac\u00f3 la legisladora, quien tambi\u00e9n resalt\u00f3 el trabajo del economista en la C\u00e1mara baja.<\/p>\n<p>Luego, el dirigente habl\u00f3 sobre los resultados de sus representantes en las diferentes elecciones provinciales y consider\u00f3 que \u00ablo que est\u00e1 pasando en las provincias no se extrapola a lo nacional\u00bb. \u00abEl motivo por el que desdoblan las elecciones es porque tienen una mochila de fierro, porque si las elecciones van todas completas nosotros arrasamos\u00bb, afirm\u00f3 Milei.<\/p>\n<p>Sobre los objetivos para las pr\u00f3ximas elecciones, el precandidato presidencial afirm\u00f3 que el principal es lograr pasar a segunda vuelta \u00abcontra cualquier espacio\u00bb. \u00abSomos como David contra Goliat, contra dos potencias electorales\u00bb, describi\u00f3 en alusi\u00f3n al Frente de Todos (FdT) y Juntos por el Cambio (JxC).<\/p>\n<p>\u00abQuiero entrar al ballotage contra quien sea y en la segunda vuelta le ganamos a todos, porque nosotros somos los \u00fanicos que queremos un cambio para poner a la Argentina de pie y queremos reconstruir a la Argentina liberal que fue potencia en el siglo XIX\u00bb, opin\u00f3 Milei.<\/p>\n<p>En tanto, Villarruel, sobre un eventual problema para administrar el poder, compar\u00f3 a Milei con el inicio del gobierno de N\u00e9stor Kirchner en 2003. \u00abN\u00e9stor tenia el 22% cuando gan\u00f3 y construy\u00f3 su poder sobre todos los prejuicios, las ruinas y los problemas del pueblo argentino. Y hace 20 a\u00f1os que estamos hablando de esta gente. Es tiempo de un cambio y estamos trabajando para que eso pase\u00bb, cerr\u00f3 Villarruel.<\/p>\n<h6><strong>Qui\u00e9n es Victoria Villarruel<\/strong><\/h6>\n<p>La dirigente naci\u00f3 el 13 de abril de 1975 en Buenos Aires y es una abogada, escritora, activista y pol\u00edtica argentina que actualmente ocupa el cargo de diputada nacional.<\/p>\n<p>Villarruel egres\u00f3 como abogada de la Facultad de Derecho de la Universidad de Buenos Aires (UBA) y como t\u00e9cnica de seguridad urbana de la Universidad Tecnol\u00f3gica Nacional (UTN).<\/p>\n<p>Durante 2008 realiz\u00f3 un curso de coordinaci\u00f3n interinstitucional y lucha contra el terrorismo en el Centro de Estudios de Defensa Hemisf\u00e9rica William J. Perry, una instituci\u00f3n dependiente de la Universidad de Defensa Nacional establecida en Washington D.C., Estados Unidos.<\/p>\n<p>Villarruel fund\u00f3 el\u00a0<strong>Centro de Estudios Legales sobre el Terrorismo y sus V\u00edctimas (CELTYV),<\/strong>\u00a0desde donde encar\u00f3 una fuerte defensa de los militares acusados por los delitos de lesa humanidad.<\/p>\n<p>Tambi\u00e9n es nieta -por parte de madre- del contralmirante\u00a0<strong>Laurio Hedelvio Dest\u00e9fani<\/strong>, fallecido en 2017, quien fue historiador naval y autor -entre otras obras- de los diez tomos de la Historia Mar\u00edtima Argentina.<\/p>\n<\/div>\n<\/article>\n","protected":false},"excerpt":{"rendered":"<p>Javier Milei, diputado nacional por La Libertad Avanza y precandidato a presidente,\u00a0present\u00f3 este lunes formalmente a la legisladora Victoria Villarruel<\/p>\n","protected":false},"author":1,"featured_media":2829,"comment_status":"closed","ping_status":"closed","sticky":false,"template":"","format":"standard","meta":{"footnotes":"","jetpack_publicize_message":"","jetpack_publicize_feature_enabled":true,"jetpack_social_post_already_shared":false,"jetpack_social_options":{"image_generator_settings":{"template":"highway","enabled":false},"version":2}},"categories":[4],"tags":[],"class_list":["post-2826","post","type-post","status-publish","format-standard","has-post-thumbnail","hentry","category-nacionales"],"jetpack_publicize_connections":[],"_links":{"self":[{"href":"https:\/\/diariorepublica.com.ar\/web\/index.php\/wp-json\/wp\/v2\/posts\/2826"}],"collection":[{"href":"https:\/\/diariorepublica.com.ar\/web\/index.php\/wp-json\/wp\/v2\/posts"}],"about":[{"href":"https:\/\/diariorepublica.com.ar\/web\/index.php\/wp-json\/wp\/v2\/types\/post"}],"author":[{"embeddable":true,"href":"https:\/\/diariorepublica.com.ar\/web\/index.php\/wp-json\/wp\/v2\/users\/1"}],"replies":[{"embeddable":true,"href":"https:\/\/diariorepublica.com.ar\/web\/index.php\/wp-json\/wp\/v2\/comments?post=2826"}],"version-history":[{"count":1,"href":"https:\/\/diariorepublica.com.ar\/web\/index.php\/wp-json\/wp\/v2\/posts\/2826\/revisions"}],"predecessor-version":[{"id":2830,"href":"https:\/\/diariorepublica.com.ar\/web\/index.php\/wp-json\/wp\/v2\/posts\/2826\/revisions\/2830"}],"wp:featuredmedia":[{"embeddable":true,"href":"https:\/\/diariorepublica.com.ar\/web\/index.php\/wp-json\/wp\/v2\/media\/2829"}],"wp:attachment":[{"href":"https:\/\/diariorepublica.com.ar\/web\/index.php\/wp-json\/wp\/v2\/media?parent=2826"}],"wp:term":[{"taxonomy":"category","embeddable":true,"href":"https:\/\/diariorepublica.com.ar\/web\/index.php\/wp-json\/wp\/v2\/categories?post=2826"},{"taxonomy":"post_tag","embeddable":true,"href":"https:\/\/diariorepublica.com.ar\/web\/index.php\/wp-json\/wp\/v2\/tags?post=2826"}],"curies":[{"name":"wp","href":"https:\/\/api.w.org\/{rel}","templated":true}]}}