{"id":28329,"date":"2025-12-15T11:59:08","date_gmt":"2025-12-15T14:59:08","guid":{"rendered":"https:\/\/diariorepublica.com.ar\/web\/?p=28329"},"modified":"2025-12-15T11:59:10","modified_gmt":"2025-12-15T14:59:10","slug":"patricia-bullrich-denuncio-a-claudio-tapia-y-pablo-toviggino-ante-el-comite-de-etica-de-la-conmebol","status":"publish","type":"post","link":"https:\/\/diariorepublica.com.ar\/web\/index.php\/nacionales\/2025\/12\/15\/patricia-bullrich-denuncio-a-claudio-tapia-y-pablo-toviggino-ante-el-comite-de-etica-de-la-conmebol\/","title":{"rendered":"Patricia Bullrich denunci\u00f3 a Claudio Tapia y Pablo Toviggino ante el Comit\u00e9 de \u00c9tica de la CONMEBOL"},"content":{"rendered":"<article id=\"article-post\" class=\"first\">\n<div class=\"cuerpo\" data-twitter-link=\"https:\/\/twitter.com\/intent\/tweet?url=https:\/\/www.diariopopular.com.ar\/c876487&amp;via=poopulardiario&amp;related=Popular&amp;text=\">\n<p>a senadora nacional por La Libertad Avanza,\u00a0<strong>Patricia Bullrich, present\u00f3 este lunes una denuncia formal contra el presidente de la AFA, Claudio \u201cChiqui\u201d Tapia, y el tesorero de la entidad, Pablo Toviggino<\/strong>, ante el Comit\u00e9 de \u00c9tica de la CONMEBOL, en un escrito donde cuestiona el manejo dirigencial y financiero del f\u00fatbol argentino.<\/p>\n<\/div>\n<\/article>\n<article id=\"article-post\">\n<div class=\"cuerpo\" data-twitter-link=\"https:\/\/twitter.com\/intent\/tweet?url=https:\/\/www.diariopopular.com.ar\/c876487&amp;via=poopulardiario&amp;related=Popular&amp;text=\">\n<p>Seg\u00fan consta en la presentaci\u00f3n, la ex ministra de Seguridad calific\u00f3 el accionar de ambos dirigentes como\u00a0<em>\u201cmafioso\u201d<\/em>\u00a0y afirm\u00f3 que este tipo de pr\u00e1cticas\u00a0<em>\u201censucian al f\u00fatbol argentino\u201d<\/em>.\u00a0<strong>En ese sentido, sostuvo que Tapia y Toviggino estar\u00edan incursos en\u00a0<em>\u201cpresuntas violaciones al Comit\u00e9 de \u00c9tica de la CONMEBOL\u201d<\/em><\/strong>, al considerar que sus conductas van en contra de los principios de integridad y transparencia que exige el organismo sudamericano.<\/p>\n<figure id=\"775846-Libre-834771809_wrap\" class=\"embed_cont type_imagen\" contenteditable=\"false\">\n<div id=\"775846-Libre-834771809_content\" class=\"embed_content\"><img loading=\"lazy\" decoding=\"async\" id=\"775846-Libre-834771809_embed\" title=\"La denuncia de Patricia Bullrich.\" src=\"https:\/\/media.diariopopular.com.ar\/p\/8ca167a8134e8b0ef5a108c38147b7a2\/adjuntos\/143\/imagenes\/008\/220\/0008220906\/1140x0\/smart\/denuncia-bullrich-tapia-y-toviggino.jpg\" alt=\"La denuncia de Patricia Bullrich.\" width=\"1140\" height=\"1425\" longdesc=\"https:\/\/media.diariopopular.com.ar\/p\/8ca167a8134e8b0ef5a108c38147b7a2\/adjuntos\/143\/imagenes\/008\/220\/0008220906\/1140x0\/smart\/denuncia-bullrich-tapia-y-toviggino.jpg\" \/><\/div><figcaption id=\"775846-Libre-834771809_epigrafe\" class=\"embed_epigrafe\">La denuncia de Patricia Bullrich.<\/p>\n<\/figcaption><div id=\"775846-Libre-834771809_copyright\" class=\"embed_copyright\"><\/div>\n<\/figure>\n<p>Bullrich expuso p\u00fablicamente sus cuestionamientos a trav\u00e9s de redes sociales, donde apunt\u00f3 directamente al origen y destino de los fondos que maneja la AFA.<em>\u00a0\u201cA las mansiones, Ferraris y toda esa plata sucia que venimos viendo en los noticieros, me pregunto d\u00f3nde est\u00e1 la plata que entra por la publicidad y por la Selecci\u00f3n\u201d<\/em>, expres\u00f3, y\u00a0<strong>agreg\u00f3 interrogantes sobre los premios a los campeones, los viajes de Tapia, el rol de Sur Finanzas<\/strong>\u00a0en las deudas de los clubes y posibles contrataciones con empresas vinculadas a los propios dirigentes.<\/p>\n<p>Finalmente, la senadora remarc\u00f3 que, dado el peso institucional de la AFA dentro del f\u00fatbol sudamericano y el alcance regional de los flujos financieros y relaciones denunciadas,\u00a0<strong>la situaci\u00f3n afecta de manera directa\u00a0<em>\u201cla integridad, credibilidad y reputaci\u00f3n del sistema del f\u00fatbol sudamericano\u201d<\/em><\/strong>. Por ese motivo, consider\u00f3 que el Tribunal de \u00c9tica de la CONMEBOL es plenamente competente para investigar los hechos y aplicar eventuales sanciones.\u00a0<em>\u201cLa lista de irregularidades y manejo turbio del dinero es interminable. Si las hacen, las tienen que pagar. Corta\u201d<\/em>, concluy\u00f3.<\/p>\n<p>diariopopular.com.ar<\/p>\n<\/div>\n<\/article>\n","protected":false},"excerpt":{"rendered":"<p>a senadora nacional por La Libertad Avanza,\u00a0Patricia Bullrich, present\u00f3 este lunes una denuncia formal contra el presidente de la AFA,<\/p>\n","protected":false},"author":1,"featured_media":28330,"comment_status":"closed","ping_status":"closed","sticky":false,"template":"","format":"standard","meta":{"footnotes":"","jetpack_publicize_message":"","jetpack_publicize_feature_enabled":true,"jetpack_social_post_already_shared":true,"jetpack_social_options":{"image_generator_settings":{"template":"highway","enabled":false},"version":2}},"categories":[4],"tags":[],"class_list":["post-28329","post","type-post","status-publish","format-standard","has-post-thumbnail","hentry","category-nacionales"],"jetpack_publicize_connections":[],"_links":{"self":[{"href":"https:\/\/diariorepublica.com.ar\/web\/index.php\/wp-json\/wp\/v2\/posts\/28329"}],"collection":[{"href":"https:\/\/diariorepublica.com.ar\/web\/index.php\/wp-json\/wp\/v2\/posts"}],"about":[{"href":"https:\/\/diariorepublica.com.ar\/web\/index.php\/wp-json\/wp\/v2\/types\/post"}],"author":[{"embeddable":true,"href":"https:\/\/diariorepublica.com.ar\/web\/index.php\/wp-json\/wp\/v2\/users\/1"}],"replies":[{"embeddable":true,"href":"https:\/\/diariorepublica.com.ar\/web\/index.php\/wp-json\/wp\/v2\/comments?post=28329"}],"version-history":[{"count":1,"href":"https:\/\/diariorepublica.com.ar\/web\/index.php\/wp-json\/wp\/v2\/posts\/28329\/revisions"}],"predecessor-version":[{"id":28331,"href":"https:\/\/diariorepublica.com.ar\/web\/index.php\/wp-json\/wp\/v2\/posts\/28329\/revisions\/28331"}],"wp:featuredmedia":[{"embeddable":true,"href":"https:\/\/diariorepublica.com.ar\/web\/index.php\/wp-json\/wp\/v2\/media\/28330"}],"wp:attachment":[{"href":"https:\/\/diariorepublica.com.ar\/web\/index.php\/wp-json\/wp\/v2\/media?parent=28329"}],"wp:term":[{"taxonomy":"category","embeddable":true,"href":"https:\/\/diariorepublica.com.ar\/web\/index.php\/wp-json\/wp\/v2\/categories?post=28329"},{"taxonomy":"post_tag","embeddable":true,"href":"https:\/\/diariorepublica.com.ar\/web\/index.php\/wp-json\/wp\/v2\/tags?post=28329"}],"curies":[{"name":"wp","href":"https:\/\/api.w.org\/{rel}","templated":true}]}}