{"id":28332,"date":"2025-12-17T10:38:00","date_gmt":"2025-12-17T13:38:00","guid":{"rendered":"https:\/\/diariorepublica.com.ar\/web\/?p=28332"},"modified":"2025-12-17T08:40:40","modified_gmt":"2025-12-17T11:40:40","slug":"cronograma-especial-de-recoleccion-en-la-capital-en-navidad-y-fin-de-ano","status":"publish","type":"post","link":"https:\/\/diariorepublica.com.ar\/web\/index.php\/sociedad\/2025\/12\/17\/cronograma-especial-de-recoleccion-en-la-capital-en-navidad-y-fin-de-ano\/","title":{"rendered":"Cronograma especial de recolecci\u00f3n en la Capital en Navidad y fin de a\u00f1o"},"content":{"rendered":"<p>Con motivo de las celebraciones de Navidad y A\u00f1o Nuevo, los residuos domiciliarios en el \u00e1mbito de San Fernando del Valle de Catamarca contar\u00e1n con un cronograma especial de funcionamiento durante los d\u00edas 24 y 31 de diciembre, mientras que el 25 de diciembre de 2025 y el 1 de enero de 2026 se implementar\u00e1 un operativo extraordinario focalizado en la zona c\u00e9ntrica de la ciudad.<\/p>\n<p>La medida tiene como objetivo garantizar la correcta prestaci\u00f3n del servicio en jornadas de alta generaci\u00f3n de residuos, mantener la higiene urbana y evitar la acumulaci\u00f3n de basura en la v\u00eda p\u00fablica durante fechas de gran movimiento social y comercial. Desde el \u00e1rea responsable del servicio se solicit\u00f3 a los vecinos respetar los horarios establecidos y colaborar sacando los residuos \u00fanicamente en los momentos indicados.<\/p>\n<p><strong>Horarios especiales para el 24 y 31 de diciembre<\/strong><\/p>\n<p>De acuerdo con el cronograma oficial, los d\u00edas martes 24 y martes 31 de diciembre la recolecci\u00f3n se realizar\u00e1 con horarios diferenciados por zonas, modificando el esquema habitual. El servicio se desarrollar\u00e1 de la siguiente manera:<\/p>\n<p>Zona sur: de 00:00 a 04:00 horas<\/p>\n<p>Zona sur\/este: de 06:00 a 10:00 horas<\/p>\n<p>Zona norte: de 10:00 a 14:00 horas<\/p>\n<p>Zona oeste: de 14:00 a 18:00 horas<\/p>\n<p>Valle Chico y zona centro: de 14:00 a 18:00 horas<\/p>\n<p>Este esquema busca optimizar los recorridos y garantizar la cobertura total del ejido urbano, teniendo en cuenta la log\u00edstica especial que demandan las jornadas previas a las celebraciones. Las autoridades remarcaron la importancia de que los vecinos de cada sector respeten estrictamente el horario asignado para evitar inconvenientes y mejorar la eficiencia del servicio.<\/p>\n<p><strong>Operativo extraordinario el 25 de diciembre y el 1 de enero<\/strong><\/p>\n<p>En tanto, los d\u00edas mi\u00e9rcoles 25 de diciembre de 2025 y jueves 1 de enero de 2026, no habr\u00e1 recolecci\u00f3n general en toda la ciudad. Sin embargo, se llevar\u00e1 adelante un servicio extraordinario en la zona centro, con el objetivo de atender los puntos de mayor concentraci\u00f3n de residuos.<\/p>\n<p>Este operativo especial se realizar\u00e1 a las 22:00 horas y abarcar\u00e1 exclusivamente el \u00e1rea comprendida dentro de las cuatro avenidas principales: G\u00fcemes, Alem, Belgrano y Virgen del Valle. La decisi\u00f3n responde a la necesidad de mantener en condiciones el casco c\u00e9ntrico, especialmente tras las reuniones familiares, eventos y actividades comerciales propias de las fechas festivas.<\/p>\n<p>Desde el municipio indicaron que este servicio excepcional permitir\u00e1 evitar la acumulaci\u00f3n de residuos en una de las zonas m\u00e1s transitadas de la ciudad y contribuir\u00e1 a preservar la limpieza y el orden urbano durante los d\u00edas posteriores a las celebraciones.<\/p>\n<p><strong>Recomendaciones a la comunidad<\/strong><\/p>\n<p>Finalmente, se solicit\u00f3 a la poblaci\u00f3n colaborar con el correcto manejo de los residuos, respetando los horarios establecidos, evitando sacar basura fuera de los turnos asignados y utilizando recipientes adecuados. La colaboraci\u00f3n ciudadana resulta clave para el buen funcionamiento del servicio, especialmente en fechas donde el volumen de desechos suele incrementarse de manera significativa.<\/p>\n","protected":false},"excerpt":{"rendered":"<p>Con motivo de las celebraciones de Navidad y A\u00f1o Nuevo, los residuos domiciliarios en el \u00e1mbito de San Fernando del<\/p>\n","protected":false},"author":1,"featured_media":28333,"comment_status":"closed","ping_status":"closed","sticky":false,"template":"","format":"standard","meta":{"footnotes":"","jetpack_publicize_message":"","jetpack_publicize_feature_enabled":true,"jetpack_social_post_already_shared":true,"jetpack_social_options":{"image_generator_settings":{"template":"highway","enabled":false},"version":2}},"categories":[3],"tags":[],"class_list":["post-28332","post","type-post","status-publish","format-standard","has-post-thumbnail","hentry","category-sociedad"],"jetpack_publicize_connections":[],"_links":{"self":[{"href":"https:\/\/diariorepublica.com.ar\/web\/index.php\/wp-json\/wp\/v2\/posts\/28332"}],"collection":[{"href":"https:\/\/diariorepublica.com.ar\/web\/index.php\/wp-json\/wp\/v2\/posts"}],"about":[{"href":"https:\/\/diariorepublica.com.ar\/web\/index.php\/wp-json\/wp\/v2\/types\/post"}],"author":[{"embeddable":true,"href":"https:\/\/diariorepublica.com.ar\/web\/index.php\/wp-json\/wp\/v2\/users\/1"}],"replies":[{"embeddable":true,"href":"https:\/\/diariorepublica.com.ar\/web\/index.php\/wp-json\/wp\/v2\/comments?post=28332"}],"version-history":[{"count":1,"href":"https:\/\/diariorepublica.com.ar\/web\/index.php\/wp-json\/wp\/v2\/posts\/28332\/revisions"}],"predecessor-version":[{"id":28334,"href":"https:\/\/diariorepublica.com.ar\/web\/index.php\/wp-json\/wp\/v2\/posts\/28332\/revisions\/28334"}],"wp:featuredmedia":[{"embeddable":true,"href":"https:\/\/diariorepublica.com.ar\/web\/index.php\/wp-json\/wp\/v2\/media\/28333"}],"wp:attachment":[{"href":"https:\/\/diariorepublica.com.ar\/web\/index.php\/wp-json\/wp\/v2\/media?parent=28332"}],"wp:term":[{"taxonomy":"category","embeddable":true,"href":"https:\/\/diariorepublica.com.ar\/web\/index.php\/wp-json\/wp\/v2\/categories?post=28332"},{"taxonomy":"post_tag","embeddable":true,"href":"https:\/\/diariorepublica.com.ar\/web\/index.php\/wp-json\/wp\/v2\/tags?post=28332"}],"curies":[{"name":"wp","href":"https:\/\/api.w.org\/{rel}","templated":true}]}}