{"id":28335,"date":"2025-12-17T08:42:34","date_gmt":"2025-12-17T11:42:34","guid":{"rendered":"https:\/\/diariorepublica.com.ar\/web\/?p=28335"},"modified":"2025-12-17T08:42:36","modified_gmt":"2025-12-17T11:42:36","slug":"messi-visito-un-refugio-de-animales-en-india","status":"publish","type":"post","link":"https:\/\/diariorepublica.com.ar\/web\/index.php\/deportes\/2025\/12\/17\/messi-visito-un-refugio-de-animales-en-india\/","title":{"rendered":"Messi visit\u00f3 un refugio de animales en India"},"content":{"rendered":"<article id=\"article-post\" class=\"first\">\n<div class=\"cuerpo\" data-twitter-link=\"https:\/\/twitter.com\/intent\/tweet?url=https:\/\/www.diariopopular.com.ar\/c876718&amp;via=poopulardiario&amp;related=Popular&amp;text=\">\n<p class=\"\" data-mrf-recirculation=\"Links inline\"><strong>Lionel Messi visit\u00f3 un refugio de animales en India, fue protagonista de impresionantes fotos y recibi\u00f3 un ins\u00f3lito homenaje.\u00a0<\/strong>El capit\u00e1n de la Selecci\u00f3n Argentina pas\u00f3 un momento de distensi\u00f3n y emoci\u00f3n en Vantara, un centro de rescate, rehabilitaci\u00f3n y conservaci\u00f3n de fauna junto a sus compa\u00f1eros Luis Su\u00e1rez y Rodrigo De Paul.<\/p>\n<\/div>\n<\/article>\n<article id=\"article-post\">\n<div class=\"cuerpo\" data-twitter-link=\"https:\/\/twitter.com\/intent\/tweet?url=https:\/\/www.diariopopular.com.ar\/c876718&amp;via=poopulardiario&amp;related=Popular&amp;text=\">\n<p class=\"\" data-mrf-recirculation=\"Links inline\"><strong>Messi, junto a los cracks del Inter Miami, fue recibido por una recepci\u00f3n tradicional: m\u00fasica folcl\u00f3rica y una lluvia de flores<\/strong>, en un gesto que simboliz\u00f3 bendiciones y pureza de intenci\u00f3n. Adem\u00e1s, particip\u00f3 en rituales tradicionales, recorri\u00f3 instalaciones dedicadas al bienestar animal e interactu\u00f3 con los fundadores y equipos del centro.<\/p>\n<figure id=\"776124-Libre-1520714917_wrap\" class=\"embed_cont type_imagen\" contenteditable=\"false\">\n<div id=\"776124-Libre-1520714917_content\" class=\"embed_content\"><img loading=\"lazy\" decoding=\"async\" id=\"776124-Libre-1520714917_embed\" title=\"\" src=\"https:\/\/media.diariopopular.com.ar\/p\/6c06bb4baccf27edc8e5e56f773b755c\/adjuntos\/143\/imagenes\/008\/221\/0008221184\/1140x0\/smart\/image.png\" alt=\"\" width=\"1140\" height=\"638\" longdesc=\"https:\/\/media.diariopopular.com.ar\/p\/6c06bb4baccf27edc8e5e56f773b755c\/adjuntos\/143\/imagenes\/008\/221\/0008221184\/1140x0\/smart\/image.png\" \/><\/div><figcaption id=\"776124-Libre-1520714917_epigrafe\" class=\"embed_epigrafe\"><\/figcaption><div id=\"776124-Libre-1520714917_copyright\" class=\"embed_copyright\"><\/div>\n<\/figure>\n<figure id=\"776125-Libre-1034859714_wrap\" class=\"embed_cont type_imagen\" contenteditable=\"false\">\n<div id=\"776125-Libre-1034859714_content\" class=\"embed_content\"><img loading=\"lazy\" decoding=\"async\" id=\"776125-Libre-1034859714_embed\" title=\"\" src=\"https:\/\/media.diariopopular.com.ar\/p\/51680dbd58cdbf42d9fe71bde3e793af\/adjuntos\/143\/imagenes\/008\/221\/0008221185\/1140x0\/smart\/image.png\" alt=\"\" width=\"1140\" height=\"912\" longdesc=\"https:\/\/media.diariopopular.com.ar\/p\/51680dbd58cdbf42d9fe71bde3e793af\/adjuntos\/143\/imagenes\/008\/221\/0008221185\/1140x0\/smart\/image.png\" \/><\/div><figcaption id=\"776125-Libre-1034859714_epigrafe\" class=\"embed_epigrafe\"><\/figcaption><div id=\"776125-Libre-1034859714_copyright\" class=\"embed_copyright\"><\/div>\n<\/figure>\n<figure id=\"776126-Libre-1607465069_wrap\" class=\"embed_cont type_imagen\" contenteditable=\"false\">\n<div id=\"776126-Libre-1607465069_content\" class=\"embed_content\"><img loading=\"lazy\" decoding=\"async\" id=\"776126-Libre-1607465069_embed\" title=\"\" src=\"https:\/\/media.diariopopular.com.ar\/p\/2e35ee3ddf17a03ddd110f20f77a53f5\/adjuntos\/143\/imagenes\/008\/221\/0008221186\/1140x0\/smart\/image.png\" alt=\"\" width=\"1140\" height=\"912\" longdesc=\"https:\/\/media.diariopopular.com.ar\/p\/2e35ee3ddf17a03ddd110f20f77a53f5\/adjuntos\/143\/imagenes\/008\/221\/0008221186\/1140x0\/smart\/image.png\" \/><\/div><figcaption id=\"776126-Libre-1607465069_epigrafe\" class=\"embed_epigrafe\"><\/figcaption><div id=\"776126-Libre-1607465069_copyright\" class=\"embed_copyright\"><\/div>\n<\/figure>\n<figure id=\"776123-Libre-1672086992_wrap\" class=\"embed_cont type_imagen\" contenteditable=\"false\">\n<div id=\"776123-Libre-1672086992_content\" class=\"embed_content\"><img loading=\"lazy\" decoding=\"async\" id=\"776123-Libre-1672086992_embed\" title=\"\" src=\"https:\/\/media.diariopopular.com.ar\/p\/cff572adbf4ae70afa64fee5cee2a4b2\/adjuntos\/143\/imagenes\/008\/221\/0008221183\/1140x0\/smart\/image.png\" alt=\"\" width=\"1140\" height=\"1425\" longdesc=\"https:\/\/media.diariopopular.com.ar\/p\/cff572adbf4ae70afa64fee5cee2a4b2\/adjuntos\/143\/imagenes\/008\/221\/0008221183\/1140x0\/smart\/image.png\" \/><\/div><figcaption id=\"776123-Libre-1672086992_epigrafe\" class=\"embed_epigrafe\"><\/figcaption><div id=\"776123-Libre-1672086992_copyright\" class=\"embed_copyright\"><\/div>\n<\/figure>\n<figure id=\"776122-Libre-476131106_wrap\" class=\"embed_cont type_imagen\" contenteditable=\"false\">\n<div id=\"776122-Libre-476131106_content\" class=\"embed_content\"><img loading=\"lazy\" decoding=\"async\" id=\"776122-Libre-476131106_embed\" title=\"\" src=\"https:\/\/media.diariopopular.com.ar\/p\/05668fe4387ab70d8c5c1bd768dccd20\/adjuntos\/143\/imagenes\/008\/221\/0008221182\/1140x0\/smart\/image.png\" alt=\"\" width=\"1140\" height=\"759\" longdesc=\"https:\/\/media.diariopopular.com.ar\/p\/05668fe4387ab70d8c5c1bd768dccd20\/adjuntos\/143\/imagenes\/008\/221\/0008221182\/1140x0\/smart\/image.png\" \/><\/div><figcaption id=\"776122-Libre-476131106_epigrafe\" class=\"embed_epigrafe\"><\/figcaption><div id=\"776122-Libre-476131106_copyright\" class=\"embed_copyright\"><\/div>\n<\/figure>\n<p class=\"\" data-mrf-recirculation=\"Links inline\">En este contexto, el argentino ofreci\u00f3 oraciones por la paz y la unidad mundial, aline\u00e1ndose con la filosof\u00eda india de respeto y armon\u00eda con la naturaleza. Y, despu\u00e9s,\u00a0<strong>la estrella rosarina conoci\u00f3 de cerca el ecosistema de conservaci\u00f3n que alberga grandes felinos, elefantes, herb\u00edvoros, reptiles y animales j\u00f3venes<\/strong>\u00a0rescatados de diversas partes del mundo.<\/p>\n<p class=\"\" data-mrf-recirculation=\"Links inline\"><strong>Messi interactu\u00f3 con leones, leopardos y tigres que viven en entornos enriquecidos y naturalizados.<\/strong>\u00a0<strong>Muchos de estos animales se acercaron con curiosidad, evidenciando el ambiente de confianza y bienestar que caracteriza al centro<\/strong>. El itinerario continu\u00f3 por los centros de cuidado de herb\u00edvoros y reptiles, donde el argentino observ\u00f3 la atenci\u00f3n veterinaria especializada, la nutrici\u00f3n personalizada y los protocolos avanzados de manejo.<\/p>\n<p class=\"\" data-mrf-recirculation=\"Links inline\">En el centro de cuidado temporal, dedicado a animales j\u00f3venes hu\u00e9rfanos y vulnerables, Messi conoci\u00f3 historias de resiliencia y recuperaci\u00f3n.\u00a0<strong>En un gesto simb\u00f3lico, el centro decidi\u00f3 bautizar a un cachorro de le\u00f3n con el nombre \u201cLionel\u201d, en honor al visitante,<\/strong>\u00a0como s\u00edmbolo de esperanza y continuidad.<\/p>\n<\/div>\n<\/article>\n","protected":false},"excerpt":{"rendered":"<p>Lionel Messi visit\u00f3 un refugio de animales en India, fue protagonista de impresionantes fotos y recibi\u00f3 un ins\u00f3lito homenaje.\u00a0El capit\u00e1n<\/p>\n","protected":false},"author":1,"featured_media":28336,"comment_status":"closed","ping_status":"closed","sticky":false,"template":"","format":"standard","meta":{"footnotes":"","jetpack_publicize_message":"","jetpack_publicize_feature_enabled":true,"jetpack_social_post_already_shared":true,"jetpack_social_options":{"image_generator_settings":{"template":"highway","enabled":false},"version":2}},"categories":[9],"tags":[],"class_list":["post-28335","post","type-post","status-publish","format-standard","has-post-thumbnail","hentry","category-deportes"],"jetpack_publicize_connections":[],"_links":{"self":[{"href":"https:\/\/diariorepublica.com.ar\/web\/index.php\/wp-json\/wp\/v2\/posts\/28335"}],"collection":[{"href":"https:\/\/diariorepublica.com.ar\/web\/index.php\/wp-json\/wp\/v2\/posts"}],"about":[{"href":"https:\/\/diariorepublica.com.ar\/web\/index.php\/wp-json\/wp\/v2\/types\/post"}],"author":[{"embeddable":true,"href":"https:\/\/diariorepublica.com.ar\/web\/index.php\/wp-json\/wp\/v2\/users\/1"}],"replies":[{"embeddable":true,"href":"https:\/\/diariorepublica.com.ar\/web\/index.php\/wp-json\/wp\/v2\/comments?post=28335"}],"version-history":[{"count":1,"href":"https:\/\/diariorepublica.com.ar\/web\/index.php\/wp-json\/wp\/v2\/posts\/28335\/revisions"}],"predecessor-version":[{"id":28337,"href":"https:\/\/diariorepublica.com.ar\/web\/index.php\/wp-json\/wp\/v2\/posts\/28335\/revisions\/28337"}],"wp:featuredmedia":[{"embeddable":true,"href":"https:\/\/diariorepublica.com.ar\/web\/index.php\/wp-json\/wp\/v2\/media\/28336"}],"wp:attachment":[{"href":"https:\/\/diariorepublica.com.ar\/web\/index.php\/wp-json\/wp\/v2\/media?parent=28335"}],"wp:term":[{"taxonomy":"category","embeddable":true,"href":"https:\/\/diariorepublica.com.ar\/web\/index.php\/wp-json\/wp\/v2\/categories?post=28335"},{"taxonomy":"post_tag","embeddable":true,"href":"https:\/\/diariorepublica.com.ar\/web\/index.php\/wp-json\/wp\/v2\/tags?post=28335"}],"curies":[{"name":"wp","href":"https:\/\/api.w.org\/{rel}","templated":true}]}}