{"id":28338,"date":"2025-12-17T07:39:00","date_gmt":"2025-12-17T10:39:00","guid":{"rendered":"https:\/\/diariorepublica.com.ar\/web\/?p=28338"},"modified":"2025-12-17T10:40:41","modified_gmt":"2025-12-17T13:40:41","slug":"san-lorenzo-quedo-acefalo-tras-renuncias-masivas-de-dirigentes","status":"publish","type":"post","link":"https:\/\/diariorepublica.com.ar\/web\/index.php\/deportes\/2025\/12\/17\/san-lorenzo-quedo-acefalo-tras-renuncias-masivas-de-dirigentes\/","title":{"rendered":"San Lorenzo qued\u00f3 ac\u00e9falo tras renuncias masivas de dirigentes"},"content":{"rendered":"<article id=\"article-post\" class=\"first\">\n<div class=\"cuerpo\" data-twitter-link=\"https:\/\/twitter.com\/intent\/tweet?url=https:\/\/www.diariopopular.com.ar\/c876768&amp;via=poopulardiario&amp;related=Popular&amp;text=\">\n<p>Tras un d\u00eda largu\u00edsimo, lleno de tensi\u00f3n pol\u00edtica, solamente quedaron cinco dirigentes en la Comisi\u00f3n Directiva (Moretti, Ortigoza, Evangelista, Tamer y Constantino) y por lo tanto se termin\u00f3 el mandato del empresario.<\/p>\n<\/div>\n<\/article>\n<article id=\"article-post\">\n<div class=\"cuerpo\" data-twitter-link=\"https:\/\/twitter.com\/intent\/tweet?url=https:\/\/www.diariopopular.com.ar\/c876768&amp;via=poopulardiario&amp;related=Popular&amp;text=\">\n<p class=\"\"><strong>\u201cLa licencia no es una posibilidad\u201d y \u201cno voy a renunciar\u201d, expres\u00f3 Moretti tras su salida del Ministerio P\u00fablico Fiscal<\/strong>\u00a0este martes respecto a su continuidad al frente de la dirigencia del Cicl\u00f3n. Sin embargo,<strong>\u00a0las renuncias masivas establecieron la acefal\u00eda de la instituci\u00f3n azulgrana.<\/strong><\/p>\n<p class=\"\">Como Presidente de la Asamblea,\u00a0<strong>Daniel Matos encabezar\u00e1 el gobierno de transici\u00f3n en San Lorenzo y se espera que convoque una Asamblea Extraordinaria dentro de las pr\u00f3ximas 48 horas.\u00a0<\/strong>Y, en un futuro cercano, habr\u00e1 unas nuevas elecciones para que los socios elijan a sus autoridades.<\/p>\n<p class=\"\">Desde temprano, el clima este martes en el Pedro Bidegain fue tenso. Vallas y efectivos de seguridad custodiaron el ingreso, en un operativo preventivo ante la posible llegada de los hinchas. Finalmente,\u00a0<strong>mientras se reun\u00eda la CD, un grupo de simpatizantes se autoconvoc\u00f3 fuera del estadio y pidieron la renuncia del presidente saliente.<\/strong><\/p>\n<p class=\"\"><strong>La acefal\u00eda de un club ocurre cuando sus autoridades principales dejan de ejercer sus funciones<\/strong>, ya sea por renuncia, fallecimiento o incapacidad. En el caso de San Lorenzo, la situaci\u00f3n se desencaden\u00f3 por una serie de renuncias masivas de miembros clave de la Comisi\u00f3n Directiva.<\/p>\n<h2><\/h2>\n<div id=\"embed61_wrap\" class=\"embed_cont type_freetext\" contenteditable=\"false\">\n<div id=\"embed61_content\" class=\"embed_content\">\n<div id=\"embed61_embed\">\n<div class=\"twitter-tweet twitter-tweet-rendered\"><iframe id=\"twitter-widget-0\" class=\"\" title=\"X Post\" src=\"https:\/\/platform.twitter.com\/embed\/Tweet.html?creatorScreenName=diariopopular&amp;dnt=false&amp;embedId=twitter-widget-0&amp;features=eyJ0ZndfdGltZWxpbmVfbGlzdCI6eyJidWNrZXQiOltdLCJ2ZXJzaW9uIjpudWxsfSwidGZ3X2ZvbGxvd2VyX2NvdW50X3N1bnNldCI6eyJidWNrZXQiOnRydWUsInZlcnNpb24iOm51bGx9LCJ0ZndfdHdlZXRfZWRpdF9iYWNrZW5kIjp7ImJ1Y2tldCI6Im9uIiwidmVyc2lvbiI6bnVsbH0sInRmd19yZWZzcmNfc2Vzc2lvbiI6eyJidWNrZXQiOiJvbiIsInZlcnNpb24iOm51bGx9LCJ0ZndfZm9zbnJfc29mdF9pbnRlcnZlbnRpb25zX2VuYWJsZWQiOnsiYnVja2V0Ijoib24iLCJ2ZXJzaW9uIjpudWxsfSwidGZ3X21peGVkX21lZGlhXzE1ODk3Ijp7ImJ1Y2tldCI6InRyZWF0bWVudCIsInZlcnNpb24iOm51bGx9LCJ0ZndfZXhwZXJpbWVudHNfY29va2llX2V4cGlyYXRpb24iOnsiYnVja2V0IjoxMjA5NjAwLCJ2ZXJzaW9uIjpudWxsfSwidGZ3X3Nob3dfYmlyZHdhdGNoX3Bpdm90c19lbmFibGVkIjp7ImJ1Y2tldCI6Im9uIiwidmVyc2lvbiI6bnVsbH0sInRmd19kdXBsaWNhdGVfc2NyaWJlc190b19zZXR0aW5ncyI6eyJidWNrZXQiOiJvbiIsInZlcnNpb24iOm51bGx9LCJ0ZndfdXNlX3Byb2ZpbGVfaW1hZ2Vfc2hhcGVfZW5hYmxlZCI6eyJidWNrZXQiOiJvbiIsInZlcnNpb24iOm51bGx9LCJ0ZndfdmlkZW9faGxzX2R5bmFtaWNfbWFuaWZlc3RzXzE1MDgyIjp7ImJ1Y2tldCI6InRydWVfYml0cmF0ZSIsInZlcnNpb24iOm51bGx9LCJ0ZndfbGVnYWN5X3RpbWVsaW5lX3N1bnNldCI6eyJidWNrZXQiOnRydWUsInZlcnNpb24iOm51bGx9LCJ0ZndfdHdlZXRfZWRpdF9mcm9udGVuZCI6eyJidWNrZXQiOiJvbiIsInZlcnNpb24iOm51bGx9fQ%3D%3D&amp;frame=false&amp;hideCard=false&amp;hideThread=false&amp;id=2001018180496724398&amp;lang=en&amp;maxWidth=560px&amp;origin=https%3A%2F%2Fwww.diariopopular.com.ar%2Ffutbol%2Fsan-lorenzo-cayo-el-gobierno-marcelo-moretti-y-hay-acefalia-el-club-n876768&amp;sessionId=7c7e8203f37b046efd57bfe6548943784fdd0698&amp;siteScreenName=diariopopular&amp;theme=light&amp;widgetsVersion=2615f7e52b7e0%3A1702314776716&amp;width=550px\" frameborder=\"0\" scrolling=\"no\" allowfullscreen=\"allowfullscreen\" data-tweet-id=\"2001018180496724398\" data-gtm-yt-inspected-14=\"true\" data-mce-fragment=\"1\"><\/iframe><\/div>\n<\/div>\n<\/div>\n<div id=\"embed61_epigrafe\" class=\"embed_epigrafe\"><\/div>\n<div id=\"embed61_copyright\" class=\"embed_copyright\"><\/div>\n<\/div>\n<div id=\"embed65_wrap\" class=\"embed_cont type_freetext\" contenteditable=\"false\">\n<div id=\"embed65_content\" class=\"embed_content\">\n<div id=\"embed65_embed\">\n<div class=\"twitter-tweet twitter-tweet-rendered\"><iframe id=\"twitter-widget-1\" class=\"\" title=\"X Post\" src=\"https:\/\/platform.twitter.com\/embed\/Tweet.html?creatorScreenName=diariopopular&amp;dnt=false&amp;embedId=twitter-widget-1&amp;features=eyJ0ZndfdGltZWxpbmVfbGlzdCI6eyJidWNrZXQiOltdLCJ2ZXJzaW9uIjpudWxsfSwidGZ3X2ZvbGxvd2VyX2NvdW50X3N1bnNldCI6eyJidWNrZXQiOnRydWUsInZlcnNpb24iOm51bGx9LCJ0ZndfdHdlZXRfZWRpdF9iYWNrZW5kIjp7ImJ1Y2tldCI6Im9uIiwidmVyc2lvbiI6bnVsbH0sInRmd19yZWZzcmNfc2Vzc2lvbiI6eyJidWNrZXQiOiJvbiIsInZlcnNpb24iOm51bGx9LCJ0ZndfZm9zbnJfc29mdF9pbnRlcnZlbnRpb25zX2VuYWJsZWQiOnsiYnVja2V0Ijoib24iLCJ2ZXJzaW9uIjpudWxsfSwidGZ3X21peGVkX21lZGlhXzE1ODk3Ijp7ImJ1Y2tldCI6InRyZWF0bWVudCIsInZlcnNpb24iOm51bGx9LCJ0ZndfZXhwZXJpbWVudHNfY29va2llX2V4cGlyYXRpb24iOnsiYnVja2V0IjoxMjA5NjAwLCJ2ZXJzaW9uIjpudWxsfSwidGZ3X3Nob3dfYmlyZHdhdGNoX3Bpdm90c19lbmFibGVkIjp7ImJ1Y2tldCI6Im9uIiwidmVyc2lvbiI6bnVsbH0sInRmd19kdXBsaWNhdGVfc2NyaWJlc190b19zZXR0aW5ncyI6eyJidWNrZXQiOiJvbiIsInZlcnNpb24iOm51bGx9LCJ0ZndfdXNlX3Byb2ZpbGVfaW1hZ2Vfc2hhcGVfZW5hYmxlZCI6eyJidWNrZXQiOiJvbiIsInZlcnNpb24iOm51bGx9LCJ0ZndfdmlkZW9faGxzX2R5bmFtaWNfbWFuaWZlc3RzXzE1MDgyIjp7ImJ1Y2tldCI6InRydWVfYml0cmF0ZSIsInZlcnNpb24iOm51bGx9LCJ0ZndfbGVnYWN5X3RpbWVsaW5lX3N1bnNldCI6eyJidWNrZXQiOnRydWUsInZlcnNpb24iOm51bGx9LCJ0ZndfdHdlZXRfZWRpdF9mcm9udGVuZCI6eyJidWNrZXQiOiJvbiIsInZlcnNpb24iOm51bGx9fQ%3D%3D&amp;frame=false&amp;hideCard=false&amp;hideThread=false&amp;id=2001014212592853135&amp;lang=en&amp;maxWidth=560px&amp;origin=https%3A%2F%2Fwww.diariopopular.com.ar%2Ffutbol%2Fsan-lorenzo-cayo-el-gobierno-marcelo-moretti-y-hay-acefalia-el-club-n876768&amp;sessionId=7c7e8203f37b046efd57bfe6548943784fdd0698&amp;siteScreenName=diariopopular&amp;theme=light&amp;widgetsVersion=2615f7e52b7e0%3A1702314776716&amp;width=550px\" frameborder=\"0\" scrolling=\"no\" allowfullscreen=\"allowfullscreen\" data-tweet-id=\"2001014212592853135\" data-gtm-yt-inspected-14=\"true\" data-mce-fragment=\"1\"><\/iframe><\/div>\n<\/div>\n<\/div>\n<div id=\"embed65_epigrafe\" class=\"embed_epigrafe\"><\/div>\n<\/div>\n<\/div>\n<\/article>\n","protected":false},"excerpt":{"rendered":"<p>Tras un d\u00eda largu\u00edsimo, lleno de tensi\u00f3n pol\u00edtica, solamente quedaron cinco dirigentes en la Comisi\u00f3n Directiva (Moretti, Ortigoza, Evangelista, Tamer<\/p>\n","protected":false},"author":1,"featured_media":28339,"comment_status":"closed","ping_status":"closed","sticky":false,"template":"","format":"standard","meta":{"footnotes":"","jetpack_publicize_message":"","jetpack_publicize_feature_enabled":true,"jetpack_social_post_already_shared":true,"jetpack_social_options":{"image_generator_settings":{"template":"highway","enabled":false},"version":2}},"categories":[9],"tags":[],"class_list":["post-28338","post","type-post","status-publish","format-standard","has-post-thumbnail","hentry","category-deportes"],"jetpack_publicize_connections":[],"_links":{"self":[{"href":"https:\/\/diariorepublica.com.ar\/web\/index.php\/wp-json\/wp\/v2\/posts\/28338"}],"collection":[{"href":"https:\/\/diariorepublica.com.ar\/web\/index.php\/wp-json\/wp\/v2\/posts"}],"about":[{"href":"https:\/\/diariorepublica.com.ar\/web\/index.php\/wp-json\/wp\/v2\/types\/post"}],"author":[{"embeddable":true,"href":"https:\/\/diariorepublica.com.ar\/web\/index.php\/wp-json\/wp\/v2\/users\/1"}],"replies":[{"embeddable":true,"href":"https:\/\/diariorepublica.com.ar\/web\/index.php\/wp-json\/wp\/v2\/comments?post=28338"}],"version-history":[{"count":1,"href":"https:\/\/diariorepublica.com.ar\/web\/index.php\/wp-json\/wp\/v2\/posts\/28338\/revisions"}],"predecessor-version":[{"id":28340,"href":"https:\/\/diariorepublica.com.ar\/web\/index.php\/wp-json\/wp\/v2\/posts\/28338\/revisions\/28340"}],"wp:featuredmedia":[{"embeddable":true,"href":"https:\/\/diariorepublica.com.ar\/web\/index.php\/wp-json\/wp\/v2\/media\/28339"}],"wp:attachment":[{"href":"https:\/\/diariorepublica.com.ar\/web\/index.php\/wp-json\/wp\/v2\/media?parent=28338"}],"wp:term":[{"taxonomy":"category","embeddable":true,"href":"https:\/\/diariorepublica.com.ar\/web\/index.php\/wp-json\/wp\/v2\/categories?post=28338"},{"taxonomy":"post_tag","embeddable":true,"href":"https:\/\/diariorepublica.com.ar\/web\/index.php\/wp-json\/wp\/v2\/tags?post=28338"}],"curies":[{"name":"wp","href":"https:\/\/api.w.org\/{rel}","templated":true}]}}