{"id":28365,"date":"2025-12-18T08:55:52","date_gmt":"2025-12-18T11:55:52","guid":{"rendered":"https:\/\/diariorepublica.com.ar\/web\/?p=28365"},"modified":"2025-12-18T08:55:53","modified_gmt":"2025-12-18T11:55:53","slug":"procesan-a-marcelo-moretti-por-administracion-fraudulenta-en-san-lorenzo","status":"publish","type":"post","link":"https:\/\/diariorepublica.com.ar\/web\/index.php\/deportes\/2025\/12\/18\/procesan-a-marcelo-moretti-por-administracion-fraudulenta-en-san-lorenzo\/","title":{"rendered":"Procesan a Marcelo Moretti por administraci\u00f3n fraudulenta en San Lorenzo"},"content":{"rendered":"<article id=\"article-post\" class=\"first\">\n<div class=\"cuerpo\" data-twitter-link=\"https:\/\/twitter.com\/intent\/tweet?url=https:\/\/www.diariopopular.com.ar\/c876867&amp;via=poopulardiario&amp;related=Popular&amp;text=\">\n<p data-start=\"745\" data-end=\"1101\">El expresidente de\u00a0<strong data-start=\"812\" data-end=\"827\">San Lorenzo<\/strong>,<strong>\u00a0Marcelo Moretti,<\/strong>\u00a0fue procesado por\u00a0<strong data-start=\"864\" data-end=\"894\">administraci\u00f3n fraudulenta<\/strong>, tras la denuncia presentada por C\u00e9sar Francis y Christian Meza y luego de una investigaci\u00f3n iniciada por la fiscal M\u00f3nica Cu\u00f1arro.<\/p>\n<\/div>\n<\/article>\n<article id=\"article-post\">\n<div class=\"cuerpo\" data-twitter-link=\"https:\/\/twitter.com\/intent\/tweet?url=https:\/\/www.diariopopular.com.ar\/c876867&amp;via=poopulardiario&amp;related=Popular&amp;text=\">\n<p data-start=\"1103\" data-end=\"1456\">El procesamiento implica que\u00a0<strong data-start=\"1132\" data-end=\"1143\">Moretti<\/strong>\u00a0no puede salir del pa\u00eds y, en caso de ser declarado culpable, enfrentar\u00eda una pena de hasta seis a\u00f1os de prisi\u00f3n. Adem\u00e1s, tiene prohibido ejercer cualquier cargo pol\u00edtico. La decisi\u00f3n llega en medio del estado de acefal\u00eda del club, declarado este martes, tras la salida temporal del expresidente.<\/p>\n<p data-start=\"1489\" data-end=\"1801\">El dirigente se encontraba bajo presi\u00f3n luego de que se filtrara una grabaci\u00f3n en la que presuntamente recib\u00eda\u00a0<strong data-start=\"1603\" data-end=\"1613\">coimas<\/strong>\u00a0por el fichaje de un juvenil. Tras la difusi\u00f3n de este material, Moretti solicit\u00f3 una licencia pero retom\u00f3 sus funciones hasta el momento en que el club entr\u00f3 en\u00a0<strong data-start=\"1776\" data-end=\"1798\">estado de acefal\u00eda<\/strong>.<\/p>\n<figure id=\"776263-Libre-2090075726_wrap\" class=\"embed_cont type_imagen\" contenteditable=\"false\">\n<div id=\"776263-Libre-2090075726_content\" class=\"embed_content\"><img loading=\"lazy\" decoding=\"async\" id=\"776263-Libre-2090075726_embed\" title=\"\" src=\"https:\/\/media.diariopopular.com.ar\/p\/27fdd148e6c441c0550136f6d01002db\/adjuntos\/143\/imagenes\/008\/221\/0008221323\/1140x0\/smart\/escandalo-en-san-lorenzo-asi-fue-la-camara-oculta-a-morettj_416x234.webp\" alt=\"\" width=\"1140\" height=\"641\" longdesc=\"https:\/\/media.diariopopular.com.ar\/p\/27fdd148e6c441c0550136f6d01002db\/adjuntos\/143\/imagenes\/008\/221\/0008221323\/1140x0\/smart\/escandalo-en-san-lorenzo-asi-fue-la-camara-oculta-a-morettj_416x234.webp\" \/><\/div><figcaption id=\"776263-Libre-2090075726_epigrafe\" class=\"embed_epigrafe\"><\/figcaption><div id=\"776263-Libre-2090075726_copyright\" class=\"embed_copyright\"><\/div>\n<\/figure>\n<h3><\/h3>\n<p data-start=\"1831\" data-end=\"2125\">Con la salida de Moretti, la\u00a0<strong data-start=\"1860\" data-end=\"1883\">Mesa de la Asamblea<\/strong>\u00a0deber\u00e1 convocar a una\u00a0<strong data-start=\"1906\" data-end=\"1933\">asamblea extraordinaria<\/strong>\u00a0para definir la fecha de elecciones dentro de un plazo menor a 90 d\u00edas. La decisi\u00f3n busca asegurar la continuidad institucional y permitir que los socios del club elijan nuevas autoridades.<\/p>\n<p data-start=\"2127\" data-end=\"2405\">El proceso judicial sobre\u00a0<strong data-start=\"2153\" data-end=\"2164\">Moretti<\/strong>\u00a0continuar\u00e1 mientras San Lorenzo intenta reorganizar su estructura administrativa.<\/p>\n<\/div>\n<\/article>\n","protected":false},"excerpt":{"rendered":"<p>El expresidente de\u00a0San Lorenzo,\u00a0Marcelo Moretti,\u00a0fue procesado por\u00a0administraci\u00f3n fraudulenta, tras la denuncia presentada por C\u00e9sar Francis y Christian Meza y luego<\/p>\n","protected":false},"author":1,"featured_media":28366,"comment_status":"closed","ping_status":"closed","sticky":false,"template":"","format":"standard","meta":{"footnotes":"","jetpack_publicize_message":"","jetpack_publicize_feature_enabled":true,"jetpack_social_post_already_shared":true,"jetpack_social_options":{"image_generator_settings":{"template":"highway","enabled":false},"version":2}},"categories":[9],"tags":[],"class_list":["post-28365","post","type-post","status-publish","format-standard","has-post-thumbnail","hentry","category-deportes"],"jetpack_publicize_connections":[],"_links":{"self":[{"href":"https:\/\/diariorepublica.com.ar\/web\/index.php\/wp-json\/wp\/v2\/posts\/28365"}],"collection":[{"href":"https:\/\/diariorepublica.com.ar\/web\/index.php\/wp-json\/wp\/v2\/posts"}],"about":[{"href":"https:\/\/diariorepublica.com.ar\/web\/index.php\/wp-json\/wp\/v2\/types\/post"}],"author":[{"embeddable":true,"href":"https:\/\/diariorepublica.com.ar\/web\/index.php\/wp-json\/wp\/v2\/users\/1"}],"replies":[{"embeddable":true,"href":"https:\/\/diariorepublica.com.ar\/web\/index.php\/wp-json\/wp\/v2\/comments?post=28365"}],"version-history":[{"count":1,"href":"https:\/\/diariorepublica.com.ar\/web\/index.php\/wp-json\/wp\/v2\/posts\/28365\/revisions"}],"predecessor-version":[{"id":28367,"href":"https:\/\/diariorepublica.com.ar\/web\/index.php\/wp-json\/wp\/v2\/posts\/28365\/revisions\/28367"}],"wp:featuredmedia":[{"embeddable":true,"href":"https:\/\/diariorepublica.com.ar\/web\/index.php\/wp-json\/wp\/v2\/media\/28366"}],"wp:attachment":[{"href":"https:\/\/diariorepublica.com.ar\/web\/index.php\/wp-json\/wp\/v2\/media?parent=28365"}],"wp:term":[{"taxonomy":"category","embeddable":true,"href":"https:\/\/diariorepublica.com.ar\/web\/index.php\/wp-json\/wp\/v2\/categories?post=28365"},{"taxonomy":"post_tag","embeddable":true,"href":"https:\/\/diariorepublica.com.ar\/web\/index.php\/wp-json\/wp\/v2\/tags?post=28365"}],"curies":[{"name":"wp","href":"https:\/\/api.w.org\/{rel}","templated":true}]}}