{"id":28531,"date":"2026-01-03T17:56:47","date_gmt":"2026-01-03T20:56:47","guid":{"rendered":"https:\/\/diariorepublica.com.ar\/web\/?p=28531"},"modified":"2026-01-03T17:56:49","modified_gmt":"2026-01-03T20:56:49","slug":"rusia-insta-a-estados-unidos-a-aclarar-la-captura-de-maduro","status":"publish","type":"post","link":"https:\/\/diariorepublica.com.ar\/web\/index.php\/internacionales\/2026\/01\/03\/rusia-insta-a-estados-unidos-a-aclarar-la-captura-de-maduro\/","title":{"rendered":"Rusia insta a Estados Unidos a aclarar la captura de Maduro"},"content":{"rendered":"<article id=\"article-post\" class=\"first\">\n<div class=\"cuerpo\" data-twitter-link=\"https:\/\/twitter.com\/intent\/tweet?url=https:\/\/www.diariopopular.com.ar\/c879327&amp;via=poopulardiario&amp;related=Popular&amp;text=\">\n<p><strong>Rusia<\/strong>\u00a0expres\u00f3 su \u00abprofunda preocupaci\u00f3n\u00bb por la\u00a0captura del presidente de Venezuela, Nicol\u00e1s Maduro,\u00a0y de su esposa, Cilia Flores, por Estados Unidos.<\/p>\n<\/div>\n<\/article>\n<article id=\"article-post\">\n<div class=\"cuerpo\" data-twitter-link=\"https:\/\/twitter.com\/intent\/tweet?url=https:\/\/www.diariopopular.com.ar\/c879327&amp;via=poopulardiario&amp;related=Popular&amp;text=\">\n<p>La Canciller\u00eda rusa se\u00f1al\u00f3 en un comunicado que, seg\u00fan reportes, el mandatario y la primera dama de Venezuela \u00abfueron sacados por la fuerza del pa\u00eds durante las agresivas acciones\u00bb perpetradas la madrugada de este s\u00e1bado por las fuerzas estadounidenses.<\/p>\n<p>A continuaci\u00f3n<strong>, se insta a Washington a aclarar \u00abinmediatamente\u00bb lo sucedido, en el marco de una agresi\u00f3n que calific\u00f3 de \u00abviolaci\u00f3n inaceptable de la soberan\u00eda de un Estado independiente, cuyo respeto es un principio fundamental del derecho internacional\u00bb.<\/strong><\/p>\n<p>El presidente de Estados Unidos,<strong>\u00a0Donald Trump<\/strong>, anunci\u00f3 que en el curso del ataque de esta noche, que afect\u00f3 a la capital venezolana, Caracas, y a los estados de Miranda, La Guaira y Aragua, se captur\u00f3 a Maduro y a la primera dama, que fueron trasladados \u00abfuera del pa\u00eds\u00bb.<\/p>\n<p>G<strong>obierno de Venezuela condena los ataques<\/strong><\/p>\n<p>El gobierno de Venezuela denunci\u00f3 este s\u00e1bado una serie de\u00a0<strong>ataques a\u00e9reos efectuados por Estados Unidos<\/strong>\u00a0en la capital del pa\u00eds, Caracas, y los estados de Miranda, Aragua y La Guaira, en lo que conden\u00f3 condenado como una\u00a0<strong>\u00abgrav\u00edsima agresi\u00f3n militar contra territorio y poblaci\u00f3n venezolanos\u00bb<\/strong>.<\/p>\n<p>A ra\u00edz de esa situaci\u00f3n, el Ejecutivo del pa\u00eds caribe\u00f1o declar\u00f3\u00a0<strong>el estado de movilizaci\u00f3n general y de emergencia nacional<\/strong>\u00a0con el despliegue inmediato del mando de defensa \u00aben todos los estados y municipios\u00bb. No s\u00f3lo eso: tambi\u00e9n avis\u00f3 que, \u00aben estricto apego al art\u00edculo 51 de la Carta de las Naciones Unidas,\u00a0<strong>Venezuela se reserva el derecho a ejercer la leg\u00edtima defensa<\/strong>\u00a0para proteger a su pueblo, su territorio y su independencia\u00bb y convoc\u00f3 finalmente a \u00ablos pueblos y gobiernos de Am\u00e9rica Latina, el Caribe y el mundo a movilizarse en solidaridad activa frente a esta agresi\u00f3n imperial\u00bb.<\/p>\n<p>En su primera reacci\u00f3n a la serie de explosiones sucedidas este s\u00e1bado por la madrugada,\u00a0<strong>el gobierno de Venezuela apunt\u00f3 directamente a Estados Unidos<\/strong>\u00a0como responsable de ejecutar una serie de ataques que tienen el objetivo, seg\u00fan su criterio, de\u00a0<strong>\u00abapoderarse de los recursos estrat\u00e9gicos venezolanos<\/strong>, en particular de su petr\u00f3leo y minerales, intentando quebrar por la fuerza la independencia pol\u00edtica\u00bb del pa\u00eds.<\/p>\n<\/div>\n<\/article>\n","protected":false},"excerpt":{"rendered":"<p>Rusia\u00a0expres\u00f3 su \u00abprofunda preocupaci\u00f3n\u00bb por la\u00a0captura del presidente de Venezuela, Nicol\u00e1s Maduro,\u00a0y de su esposa, Cilia Flores, por Estados Unidos.<\/p>\n","protected":false},"author":1,"featured_media":28532,"comment_status":"closed","ping_status":"closed","sticky":false,"template":"","format":"standard","meta":{"footnotes":"","jetpack_publicize_message":"","jetpack_publicize_feature_enabled":true,"jetpack_social_post_already_shared":true,"jetpack_social_options":{"image_generator_settings":{"template":"highway","enabled":false},"version":2}},"categories":[6],"tags":[],"class_list":["post-28531","post","type-post","status-publish","format-standard","has-post-thumbnail","hentry","category-internacionales"],"jetpack_publicize_connections":[],"_links":{"self":[{"href":"https:\/\/diariorepublica.com.ar\/web\/index.php\/wp-json\/wp\/v2\/posts\/28531"}],"collection":[{"href":"https:\/\/diariorepublica.com.ar\/web\/index.php\/wp-json\/wp\/v2\/posts"}],"about":[{"href":"https:\/\/diariorepublica.com.ar\/web\/index.php\/wp-json\/wp\/v2\/types\/post"}],"author":[{"embeddable":true,"href":"https:\/\/diariorepublica.com.ar\/web\/index.php\/wp-json\/wp\/v2\/users\/1"}],"replies":[{"embeddable":true,"href":"https:\/\/diariorepublica.com.ar\/web\/index.php\/wp-json\/wp\/v2\/comments?post=28531"}],"version-history":[{"count":1,"href":"https:\/\/diariorepublica.com.ar\/web\/index.php\/wp-json\/wp\/v2\/posts\/28531\/revisions"}],"predecessor-version":[{"id":28533,"href":"https:\/\/diariorepublica.com.ar\/web\/index.php\/wp-json\/wp\/v2\/posts\/28531\/revisions\/28533"}],"wp:featuredmedia":[{"embeddable":true,"href":"https:\/\/diariorepublica.com.ar\/web\/index.php\/wp-json\/wp\/v2\/media\/28532"}],"wp:attachment":[{"href":"https:\/\/diariorepublica.com.ar\/web\/index.php\/wp-json\/wp\/v2\/media?parent=28531"}],"wp:term":[{"taxonomy":"category","embeddable":true,"href":"https:\/\/diariorepublica.com.ar\/web\/index.php\/wp-json\/wp\/v2\/categories?post=28531"},{"taxonomy":"post_tag","embeddable":true,"href":"https:\/\/diariorepublica.com.ar\/web\/index.php\/wp-json\/wp\/v2\/tags?post=28531"}],"curies":[{"name":"wp","href":"https:\/\/api.w.org\/{rel}","templated":true}]}}