{"id":28537,"date":"2026-01-03T20:10:44","date_gmt":"2026-01-03T23:10:44","guid":{"rendered":"https:\/\/diariorepublica.com.ar\/web\/?p=28537"},"modified":"2026-01-03T20:10:46","modified_gmt":"2026-01-03T23:10:46","slug":"nicolas-maduro-llego-a-estados-unidos","status":"publish","type":"post","link":"https:\/\/diariorepublica.com.ar\/web\/index.php\/internacionales\/2026\/01\/03\/nicolas-maduro-llego-a-estados-unidos\/","title":{"rendered":"Nicol\u00e1s Maduro lleg\u00f3 a Estados Unidos"},"content":{"rendered":"<p>El expresidente venezolano<strong>\u00a0Nicol\u00e1s Maduro lleg\u00f3 esta tarde a Nueva York,\u00a0<\/strong>luego de haber sido capturado por las fuerzas militares de Estados Unidos, donde ser\u00e1 juzgado por narcoterrorismo.<\/p>\n<p title=\"__IP__\" data-ipspy=\"__IP__\">El avi\u00f3n arrib\u00f3 cerca de las 17.30 hora local (18.30 de la Argentina) al aeropuerto Stewart de Nueva York , aunque\u00a0<strong>Maduro<\/strong>\u00a0baj\u00f3 de la aeronave una hora despu\u00e9s, junto a su esposa<strong>\u00a0Cilia Flores,<\/strong>\u00a0ambos custodiados por personal del FBI.<\/p>\n<p>Asimismo, y seg\u00fan la agencia Noticias Argentinas, <strong>el pr\u00f3ximo lunes Maduro deber\u00e1 presentarse ante la justicia estadounidense.<\/strong><\/p>\n","protected":false},"excerpt":{"rendered":"<p>El expresidente venezolano\u00a0Nicol\u00e1s Maduro lleg\u00f3 esta tarde a Nueva York,\u00a0luego de haber sido capturado por las fuerzas militares de Estados<\/p>\n","protected":false},"author":1,"featured_media":28538,"comment_status":"closed","ping_status":"closed","sticky":false,"template":"","format":"standard","meta":{"footnotes":"","jetpack_publicize_message":"","jetpack_publicize_feature_enabled":true,"jetpack_social_post_already_shared":true,"jetpack_social_options":{"image_generator_settings":{"template":"highway","enabled":false},"version":2}},"categories":[6],"tags":[],"class_list":["post-28537","post","type-post","status-publish","format-standard","has-post-thumbnail","hentry","category-internacionales"],"jetpack_publicize_connections":[],"_links":{"self":[{"href":"https:\/\/diariorepublica.com.ar\/web\/index.php\/wp-json\/wp\/v2\/posts\/28537"}],"collection":[{"href":"https:\/\/diariorepublica.com.ar\/web\/index.php\/wp-json\/wp\/v2\/posts"}],"about":[{"href":"https:\/\/diariorepublica.com.ar\/web\/index.php\/wp-json\/wp\/v2\/types\/post"}],"author":[{"embeddable":true,"href":"https:\/\/diariorepublica.com.ar\/web\/index.php\/wp-json\/wp\/v2\/users\/1"}],"replies":[{"embeddable":true,"href":"https:\/\/diariorepublica.com.ar\/web\/index.php\/wp-json\/wp\/v2\/comments?post=28537"}],"version-history":[{"count":1,"href":"https:\/\/diariorepublica.com.ar\/web\/index.php\/wp-json\/wp\/v2\/posts\/28537\/revisions"}],"predecessor-version":[{"id":28539,"href":"https:\/\/diariorepublica.com.ar\/web\/index.php\/wp-json\/wp\/v2\/posts\/28537\/revisions\/28539"}],"wp:featuredmedia":[{"embeddable":true,"href":"https:\/\/diariorepublica.com.ar\/web\/index.php\/wp-json\/wp\/v2\/media\/28538"}],"wp:attachment":[{"href":"https:\/\/diariorepublica.com.ar\/web\/index.php\/wp-json\/wp\/v2\/media?parent=28537"}],"wp:term":[{"taxonomy":"category","embeddable":true,"href":"https:\/\/diariorepublica.com.ar\/web\/index.php\/wp-json\/wp\/v2\/categories?post=28537"},{"taxonomy":"post_tag","embeddable":true,"href":"https:\/\/diariorepublica.com.ar\/web\/index.php\/wp-json\/wp\/v2\/tags?post=28537"}],"curies":[{"name":"wp","href":"https:\/\/api.w.org\/{rel}","templated":true}]}}