{"id":28540,"date":"2026-01-03T19:11:00","date_gmt":"2026-01-03T22:11:00","guid":{"rendered":"https:\/\/diariorepublica.com.ar\/web\/?p=28540"},"modified":"2026-01-03T20:13:08","modified_gmt":"2026-01-03T23:13:08","slug":"venezolanos-celebraron-en-el-obelisco-la-captura-de-nicolas-maduro-y-esperan-la-transicion-en-su-pais","status":"publish","type":"post","link":"https:\/\/diariorepublica.com.ar\/web\/index.php\/nacionales\/2026\/01\/03\/venezolanos-celebraron-en-el-obelisco-la-captura-de-nicolas-maduro-y-esperan-la-transicion-en-su-pais\/","title":{"rendered":"Venezolanos celebraron en el Obelisco la captura de Nicol\u00e1s Maduro y esperan la transici\u00f3n en su pa\u00eds"},"content":{"rendered":"<p>Tras la operaci\u00f3n militar de Estados Unidos que deriv\u00f3 en la captura de<strong>\u00a0Nicol\u00e1s Maduro<\/strong>,<strong>\u00a0cientos de venezolanos se concentraron este s\u00e1bado en el Obelisco para celebrar<\/strong>\u00a0la salida del mandatario chavista. La multitud expres\u00f3 su expectativa por un cambio pol\u00edtico en Venezuela.<\/p>\n<article class=\"article-body\">\n<div class=\"article-content\">\n<div class=\"news-body-paragraph\" data-twitter-link=\"\">\n<p>La movilizaci\u00f3n comenz\u00f3 pasadas las 17 horas en el centro porte\u00f1o y tuvo<strong>\u00a0un clima de festejo, con m\u00fasica, bailes y banderas venezolanas.<\/strong>\u00a0Desde la organizaci\u00f3n anticiparon que, al caer la noche,\u00a0<strong>el Obelisco ser\u00eda iluminado con los colores de la bandera de Venezuela,<\/strong>\u00a0en un gesto simb\u00f3lico de apoyo a la comunidad migrante.<\/p>\n<\/div>\n<\/div>\n<\/article>\n<article class=\"article-body par-3\">\n<div class=\"article-content\">\n<div class=\"news-body-paragraph\" data-twitter-link=\"\">\n<p>Entre los manifestantes se multiplicaron historias marcadas por el exilio y la esperanza. \u201c<strong>Estoy feliz. Vivo en la Argentina desde hace ocho a\u00f1os. Vine porque en Venezuela no hab\u00eda comida para comprar<\/strong>. Llegu\u00e9 con mis hijos y hoy siento que algo puede cambiar\u201d, relat\u00f3 una mujer visiblemente emocionada.<\/p>\n<\/div>\n<\/div>\n<\/article>\n<article class=\"article-body par-4\">\n<div class=\"article-content\">\n<div class=\"news-body-paragraph\" data-twitter-link=\"\">\n<div id=\"embed80_wrap\" class=\"embed_cont type_freetext\" contenteditable=\"false\">\n<div id=\"embed80_content\" class=\"embed_content\">\n<div id=\"embed80_embed\">\n<div><iframe src=\"https:\/\/geo.dailymotion.com\/player.html?video=x9x0nby\" data-td-src-property=\"https:\/\/geo.dailymotion.com\/player.html?video=x9x0nby\" data-gtm-yt-inspected-8=\"true\" data-mce-fragment=\"1\"><\/iframe><\/div>\n<\/div>\n<\/div>\n<div class=\"embed_wrapper-cont\">\n<div id=\"embed80_epigrafe\" class=\"embed_epigrafe\"><\/div>\n<\/div>\n<\/div>\n<p>Otra de las presentes record\u00f3 lo dif\u00edcil que fue dejar su pa\u00eds y empezar de cero: \u201c<strong>El cambio fue duro, sobre todo por el clima y la cultura. Cost\u00f3 mucho. Tengo expectativa: no s\u00e9 si esto es lo mejor o no, pero alg\u00fan cambio ten\u00eda que haber<\/strong>. Yo viv\u00ed en otra Venezuela y quiero que ahora sea mejor\u201d.<\/p>\n<\/div>\n<\/div>\n<\/article>\n<article class=\"article-body par-5\">\n<div class=\"article-content\">\n<div class=\"news-body-paragraph\" data-twitter-link=\"\">\n<p>La convocatoria fue espont\u00e1nea<\/p>\n<p>Tambi\u00e9n hubo mensajes enfocados en el futuro inmediato. Un joven habl\u00f3 de una posible transici\u00f3n pol\u00edtica y del rol de los venezolanos dentro y fuera del pa\u00eds: \u201c<strong>Vamos a vivir una transici\u00f3n hermosa. En Venezuela qued\u00f3 mucha gente luchando desde hace a\u00f1os.\u00a0<\/strong>Junto a ellos y los que emigramos vamos a volver a construir el pa\u00eds\u201d.<\/p>\n<p>La<strong>\u00a0convocatoria fue espont\u00e1nea y se organiz\u00f3 a trav\u00e9s de redes sociales<\/strong>\u00a0tras conocerse la noticia de la captura de Maduro. Muchos se enteraron durante la madrugada. \u201c<strong>Me llamaron para avisarme y fue mejor que festejar un cumplea\u00f1os o un A\u00f1o Nuevo<\/strong>\u201d, cont\u00f3 uno de los asistentes, mientras celebraba frente al Obelisco.<\/p>\n<p>La escena en pleno centro de Buenos Aires reflej\u00f3\u00a0<strong>el impacto regional del acontecimiento y el fuerte v\u00ednculo de la di\u00e1spora venezolana<\/strong>\u00a0con la actualidad pol\u00edtica de su pa\u00eds, en una jornada cargada de emoci\u00f3n, s\u00edmbolos y expectativa por lo que viene.<\/p>\n<figure id=\"1756473-Libre-476398890_wrap\" class=\"embed_cont type_imagen\" contenteditable=\"false\"><\/figure>\n<\/div>\n<\/div>\n<\/article>\n","protected":false},"excerpt":{"rendered":"<p>Tras la operaci\u00f3n militar de Estados Unidos que deriv\u00f3 en la captura de\u00a0Nicol\u00e1s Maduro,\u00a0cientos de venezolanos se concentraron este s\u00e1bado<\/p>\n","protected":false},"author":1,"featured_media":28541,"comment_status":"closed","ping_status":"closed","sticky":false,"template":"","format":"standard","meta":{"footnotes":"","jetpack_publicize_message":"","jetpack_publicize_feature_enabled":true,"jetpack_social_post_already_shared":true,"jetpack_social_options":{"image_generator_settings":{"template":"highway","enabled":false},"version":2}},"categories":[4],"tags":[],"class_list":["post-28540","post","type-post","status-publish","format-standard","has-post-thumbnail","hentry","category-nacionales"],"jetpack_publicize_connections":[],"_links":{"self":[{"href":"https:\/\/diariorepublica.com.ar\/web\/index.php\/wp-json\/wp\/v2\/posts\/28540"}],"collection":[{"href":"https:\/\/diariorepublica.com.ar\/web\/index.php\/wp-json\/wp\/v2\/posts"}],"about":[{"href":"https:\/\/diariorepublica.com.ar\/web\/index.php\/wp-json\/wp\/v2\/types\/post"}],"author":[{"embeddable":true,"href":"https:\/\/diariorepublica.com.ar\/web\/index.php\/wp-json\/wp\/v2\/users\/1"}],"replies":[{"embeddable":true,"href":"https:\/\/diariorepublica.com.ar\/web\/index.php\/wp-json\/wp\/v2\/comments?post=28540"}],"version-history":[{"count":1,"href":"https:\/\/diariorepublica.com.ar\/web\/index.php\/wp-json\/wp\/v2\/posts\/28540\/revisions"}],"predecessor-version":[{"id":28542,"href":"https:\/\/diariorepublica.com.ar\/web\/index.php\/wp-json\/wp\/v2\/posts\/28540\/revisions\/28542"}],"wp:featuredmedia":[{"embeddable":true,"href":"https:\/\/diariorepublica.com.ar\/web\/index.php\/wp-json\/wp\/v2\/media\/28541"}],"wp:attachment":[{"href":"https:\/\/diariorepublica.com.ar\/web\/index.php\/wp-json\/wp\/v2\/media?parent=28540"}],"wp:term":[{"taxonomy":"category","embeddable":true,"href":"https:\/\/diariorepublica.com.ar\/web\/index.php\/wp-json\/wp\/v2\/categories?post=28540"},{"taxonomy":"post_tag","embeddable":true,"href":"https:\/\/diariorepublica.com.ar\/web\/index.php\/wp-json\/wp\/v2\/tags?post=28540"}],"curies":[{"name":"wp","href":"https:\/\/api.w.org\/{rel}","templated":true}]}}