{"id":28546,"date":"2026-01-05T06:50:00","date_gmt":"2026-01-05T09:50:00","guid":{"rendered":"https:\/\/diariorepublica.com.ar\/web\/?p=28546"},"modified":"2026-01-05T10:52:07","modified_gmt":"2026-01-05T13:52:07","slug":"patricia-bullrich-reclamo-la-liberacion-del-gendarme-nahuel-gallo","status":"publish","type":"post","link":"https:\/\/diariorepublica.com.ar\/web\/index.php\/nacionales\/2026\/01\/05\/patricia-bullrich-reclamo-la-liberacion-del-gendarme-nahuel-gallo\/","title":{"rendered":"Patricia Bullrich reclam\u00f3 la liberaci\u00f3n del gendarme Nahuel Gallo"},"content":{"rendered":"<article class=\"article-body first\">\n<div class=\"article-content\">\n<div class=\"news-body-paragraph\" data-twitter-link=\"\">\n<p data-start=\"349\" data-end=\"597\">La senadora y ex ministra de Seguridad de Naci\u00f3n,\u00a0<strong>Patricia Bullrich,\u00a0<\/strong>exigi\u00f3 este domingo<strong>\u00a0la inmediata liberaci\u00f3n de Nahuel Gallo, el gendarme argentino detenido en Venezuela, y<\/strong> lanz\u00f3 duras cr\u00edticas contra el r\u00e9gimen chavista tras la captura de Nicol\u00e1s Maduro por parte de Estados Unidos.<\/p>\n<\/div>\n<\/div>\n<\/article>\n<article class=\"article-body\">\n<div class=\"article-content\">\n<div class=\"news-body-paragraph\" data-twitter-link=\"\">\n<p data-start=\"599\" data-end=\"894\">Las declaraciones se dieron desde el Obelisco, donde se lleva adelante un acto encabezado por manifestantes opositores al chavismo. All\u00ed, Bullrich sostuvo que la estructura de poder que rodeaba a Maduro \u201ctodav\u00eda sigue ah\u00ed, pero ser\u00e1 por poco tiempo\u201d, y defini\u00f3 a Venezuela como \u201cun narcoestado\u201d.<\/p>\n<\/div>\n<\/div>\n<\/article>\n<article class=\"article-body par-3\">\n<div class=\"article-content\">\n<div class=\"news-body-paragraph\" data-twitter-link=\"\">\n<p data-start=\"599\" data-end=\"894\">En di\u00e1logo exclusivo con A24, Bullrich sostuvo: \u00abEn primer lugar, volvemos a decir que para nosotros lo sucedido de la extracci\u00f3n de Maduro y su se\u00f1ora de Venezuela ha sido un proceso muy importante que muestra una captura de un narco criminal de uno de los carteles m\u00e1s brutales que ha existido\u00bb<\/p>\n<\/div>\n<\/div>\n<\/article>\n<article class=\"article-body par-4\">\n<div class=\"article-content\">\n<div class=\"news-body-paragraph\" data-twitter-link=\"\">\n<p data-start=\"599\" data-end=\"894\">Y continu\u00f3: \u00abComienza un proceso de transici\u00f3n, que va a ser un proceso complejo porque el Estado est\u00e1 totalmente infiltrado. Argentina, lo ha dicho el presidente de la naci\u00f3n, Argentina va a estar siempre del lado de la democracia y la libertad y va a acompa\u00f1ar este proceso para que Venezuela recupere su libertad.\u00bb.<\/p>\n<\/div>\n<\/div>\n<\/article>\n<article class=\"article-body par-5\">\n<div class=\"article-content\">\n<div class=\"news-body-paragraph\" data-twitter-link=\"\">\n<div id=\"embed34_wrap\" class=\"embed_cont type_freetext\" contenteditable=\"false\">\n<div id=\"embed34_content\" class=\"embed_content\">\n<div id=\"embed34_embed\">\n<div>\n<div id=\"dailymotion-instance-ab80aee4-809d-87cf-3c17-bb0584d66ab6\" class=\"dailymotion-player-root dailymotion-player-xx206\">\n<div class=\"dailymotion-player-wrapper\"><iframe loading=\"lazy\" class=\"dailymotion-player\" title=\"Dailymotion video player - Patricia Bullrich reclam\u00f3 la liberaci\u00f3n del gendarme Nahuel Gall\" src=\"https:\/\/geo.dailymotion.com\/player\/xx206.html?video=x9x2h7c&amp;customConfig%5Bkeyvalues%5D=section%3Dpolitica%26tags%3Dpatricia-bullrich%2Cvenezuela%2Cnoticias-a24\" width=\"100%\" height=\"100%\" frameborder=\"0\" data-gtm-yt-inspected-8=\"true\" data-mce-fragment=\"1\"><\/iframe><\/div>\n<\/div>\n<\/div>\n<\/div>\n<\/div>\n<div class=\"embed_wrapper-cont\">\n<div id=\"embed34_epigrafe\" class=\"embed_epigrafe\"><\/div>\n<\/div>\n<\/div>\n<p data-start=\"896\" data-end=\"1258\">En ese marco, calific\u00f3 al<strong>\u00a0exmandatario venezolano como \u201cel heredero de una dictadura de m\u00e1s de 26 a\u00f1os que destruy\u00f3 un pueblo\u201d y denunci\u00f3 las consecuencias del r\u00e9gimen sobre la sociedad<\/strong>. \u201cLuego de a\u00f1os de padecimientos, de exilios y de presos que a\u00fan hoy siguen en las c\u00e1rceles y deber\u00e1n salir lo antes posible, pedimos tambi\u00e9n por nuestros argentinos\u201d, expres\u00f3.<\/p>\n<p data-start=\"1260\" data-end=\"1466\">La senadora hizo especial hincapi\u00e9 en la situaci\u00f3n de Nahuel Gallo, a quien describi\u00f3 como \u201catrapado por esta dictadura\u201d, y remarc\u00f3 que su liberaci\u00f3n debe ser una prioridad en este nuevo escenario pol\u00edtico.<\/p>\n<p data-start=\"1468\" data-end=\"1882\"><strong>Bullrich consider\u00f3 que se atraviesan \u201choras decisivas\u201d para Venezuela<\/strong>\u00a0y advirti\u00f3 que, aunque Maduro ya no est\u00e9 en el poder, el sistema que lo sostuvo contin\u00faa vigente. \u201cDeber\u00e1 desarmarse con inteligencia esa dictadura que se infiltr\u00f3 en las instituciones democr\u00e1ticas. La Justicia es parte del problema, el Poder Ejecutivo ni hablar, y las fuerzas armadas y de seguridad quedaron atrapadas en el sistema\u201d, enumer\u00f3.<\/p>\n<p data-start=\"1884\" data-end=\"2085\">Adem\u00e1s, asegur\u00f3 que la Argentina \u201cdesde un primer momento apoy\u00f3 la definici\u00f3n correcta del t\u00edtulo que tiene que tener Maduro, como narcodictador\u201d, y subray\u00f3 el impacto regional de la crisis venezolana.<\/p>\n<div id=\"embed12_wrap\" class=\"embed_cont type_freetext\" contenteditable=\"false\">\n<div id=\"embed12_content\" class=\"embed_content\">\n<div id=\"embed12_embed\">\n<div>\n<div id=\"dailymotion-instance-dede3007-690c-4413-9331-b499c8aabfd7\" class=\"dailymotion-player-root dailymotion-player-xx206\">\n<div class=\"dailymotion-player-wrapper\"><iframe loading=\"lazy\" class=\"dailymotion-player\" title=\"Dailymotion video player - Bullrich pidi\u00f3 por la liberaci\u00f3n de Gallo y critic\u00f3 al chavismo\" src=\"https:\/\/geo.dailymotion.com\/player\/xx206.html?video=x9x2gjy&amp;customConfig%5Bkeyvalues%5D=section%3Dpolitica%26tags%3Dpatricia-bullrich%2Cvenezuela%2Cnoticias-a24\" width=\"100%\" height=\"100%\" frameborder=\"0\" data-gtm-yt-inspected-8=\"true\" data-mce-fragment=\"1\"><\/iframe><\/div>\n<\/div>\n<\/div>\n<\/div>\n<\/div>\n<div class=\"embed_wrapper-cont\">\n<div id=\"embed12_epigrafe\" class=\"embed_epigrafe\"><\/div>\n<\/div>\n<\/div>\n<p data-start=\"2087\" data-end=\"2285\">En ese sentido, record\u00f3 el \u00e9xodo masivo provocado por la situaci\u00f3n del pa\u00eds caribe\u00f1o. \u201cCasi nueve millones de venezolanos est\u00e1n hoy en el mundo entero, muchos de ellos aqu\u00ed en la Argentina\u201d, afirm\u00f3.<\/p>\n<p data-start=\"2287\" data-end=\"2625\" data-is-last-node=\"\" data-is-only-node=\"\">Para cerrar, Bullrich se mostr\u00f3 optimista sobre el futuro pol\u00edtico de Venezuela y destac\u00f3 el rol de la principal referente opositora. \u201cHoy Venezuela va hacia el camino de la libertad. Quiero recordar a Mar\u00eda Corina Machado, una l\u00edder de envergadura, una l\u00edder de la paz, que representa todo aquello que los venezolanos quieren\u201d, concluy\u00f3.<\/p>\n<\/div>\n<\/div>\n<\/article>\n","protected":false},"excerpt":{"rendered":"<p>La senadora y ex ministra de Seguridad de Naci\u00f3n,\u00a0Patricia Bullrich,\u00a0exigi\u00f3 este domingo\u00a0la inmediata liberaci\u00f3n de Nahuel Gallo, el gendarme argentino<\/p>\n","protected":false},"author":1,"featured_media":28547,"comment_status":"closed","ping_status":"closed","sticky":false,"template":"","format":"standard","meta":{"footnotes":"","jetpack_publicize_message":"","jetpack_publicize_feature_enabled":true,"jetpack_social_post_already_shared":true,"jetpack_social_options":{"image_generator_settings":{"template":"highway","enabled":false},"version":2}},"categories":[4],"tags":[],"class_list":["post-28546","post","type-post","status-publish","format-standard","has-post-thumbnail","hentry","category-nacionales"],"jetpack_publicize_connections":[],"_links":{"self":[{"href":"https:\/\/diariorepublica.com.ar\/web\/index.php\/wp-json\/wp\/v2\/posts\/28546"}],"collection":[{"href":"https:\/\/diariorepublica.com.ar\/web\/index.php\/wp-json\/wp\/v2\/posts"}],"about":[{"href":"https:\/\/diariorepublica.com.ar\/web\/index.php\/wp-json\/wp\/v2\/types\/post"}],"author":[{"embeddable":true,"href":"https:\/\/diariorepublica.com.ar\/web\/index.php\/wp-json\/wp\/v2\/users\/1"}],"replies":[{"embeddable":true,"href":"https:\/\/diariorepublica.com.ar\/web\/index.php\/wp-json\/wp\/v2\/comments?post=28546"}],"version-history":[{"count":1,"href":"https:\/\/diariorepublica.com.ar\/web\/index.php\/wp-json\/wp\/v2\/posts\/28546\/revisions"}],"predecessor-version":[{"id":28548,"href":"https:\/\/diariorepublica.com.ar\/web\/index.php\/wp-json\/wp\/v2\/posts\/28546\/revisions\/28548"}],"wp:featuredmedia":[{"embeddable":true,"href":"https:\/\/diariorepublica.com.ar\/web\/index.php\/wp-json\/wp\/v2\/media\/28547"}],"wp:attachment":[{"href":"https:\/\/diariorepublica.com.ar\/web\/index.php\/wp-json\/wp\/v2\/media?parent=28546"}],"wp:term":[{"taxonomy":"category","embeddable":true,"href":"https:\/\/diariorepublica.com.ar\/web\/index.php\/wp-json\/wp\/v2\/categories?post=28546"},{"taxonomy":"post_tag","embeddable":true,"href":"https:\/\/diariorepublica.com.ar\/web\/index.php\/wp-json\/wp\/v2\/tags?post=28546"}],"curies":[{"name":"wp","href":"https:\/\/api.w.org\/{rel}","templated":true}]}}