{"id":28605,"date":"2026-01-12T10:30:00","date_gmt":"2026-01-12T13:30:00","guid":{"rendered":"https:\/\/diariorepublica.com.ar\/web\/?p=28605"},"modified":"2026-01-12T16:31:29","modified_gmt":"2026-01-12T19:31:29","slug":"catamarca-concluyo-con-exito-su-agenda-de-promocion-en-santa-teresita","status":"publish","type":"post","link":"https:\/\/diariorepublica.com.ar\/web\/index.php\/sociedad\/2026\/01\/12\/catamarca-concluyo-con-exito-su-agenda-de-promocion-en-santa-teresita\/","title":{"rendered":"Catamarca concluy\u00f3 con \u00e9xito su agenda de promoci\u00f3n en Santa Teresita"},"content":{"rendered":"<p>La provincia de Catamarca finaliz\u00f3 el\u00a0s\u00e1bado pasado su misi\u00f3n institucional y cultural en el Partido de La Costa con una importante convocatoria en el espacio multicultural San Bernardo. El evento de cierre, encabezado por el vicegobernador Rub\u00e9n Dusso, represent\u00f3 la culminaci\u00f3n de un esquema de trabajo iniciado mediante convenios de colaboraci\u00f3n destinados a potenciar el intercambio productivo y comercial.<\/p>\n<p>La delegaci\u00f3n catamarque\u00f1a, integrada por el ministro de Desarrollo Productivo, Leonardo Zeballos, la intendenta de Santa Mar\u00eda, Erika Inga, el intendente de Villa Vil, Ram\u00f3n Guti\u00e9rrez, el subsecretario de Coordinaci\u00f3n y T\u00e9cnica de Senado, Julio Macedo; y el director de Juventud de Senado,\u00a0 Mariano Salas, acompa\u00f1\u00f3 el despliegue de las capacidades regionales en un entorno de gran afluencia tur\u00edstica.<\/p>\n<p>Durante la tarde y noche, el espacio se convirti\u00f3 en una vidriera del potencial catamarque\u00f1o, donde se destacaron las g\u00f3ndolas de comercializaci\u00f3n de productos regionales y las degustaciones gastron\u00f3micas que permitieron al p\u00fablico conocer la calidad de los sabores de nuestra tierra.<\/p>\n<p>La jornada incluy\u00f3 nuevamente el desfile de alta costura con prendas en fibra de vicu\u00f1a y cam\u00e9lidos provenientes de diversas cooperativas de la provincia, reafirmando el valor del dise\u00f1o local.<\/p>\n<p>El escenario principal ofreci\u00f3 un cierre art\u00edstico de primer nivel con la participaci\u00f3n de Juan Ignacio Molina, Laurita Coronel, Mack, BM, el ballet de Santa Mar\u00eda, representantes musicales de dicho municipio y el conjunto Los Hilos del Viento.<\/p>\n<p>Las presentaciones, que incluyeron tambi\u00e9n expresiones de freestyle, consolidaron a Catamarca como un referente productivo y cultural en los principales destinos veraniegos del pa\u00eds.<\/p>\n<p><strong>Visitas productivas<\/strong><\/p>\n<p>En el marco de la agenda en el Partido de La Costa, la comitiva catamarque\u00f1a visit\u00f3 la f\u00e1brica de chocolates Bocana, la f\u00e1brica de helados Alpino y la cervecer\u00eda artesanal Jag\u00fcel. \u00abConocer de cerca el proceso de estas firmas nos permite intercambiar visiones sobre modelos de comercializaci\u00f3n y reactivaci\u00f3n industrial que pueden replicarse en nuestra provincia\u00bb, expres\u00f3 el vicegobernador en sus redes a prop\u00f3sito de los mencionados recorridos productivos.<\/p>\n","protected":false},"excerpt":{"rendered":"<p>La provincia de Catamarca finaliz\u00f3 el\u00a0s\u00e1bado pasado su misi\u00f3n institucional y cultural en el Partido de La Costa con una<\/p>\n","protected":false},"author":1,"featured_media":28606,"comment_status":"closed","ping_status":"closed","sticky":false,"template":"","format":"standard","meta":{"footnotes":"","jetpack_publicize_message":"","jetpack_publicize_feature_enabled":true,"jetpack_social_post_already_shared":true,"jetpack_social_options":{"image_generator_settings":{"template":"highway","enabled":false},"version":2}},"categories":[3],"tags":[],"class_list":["post-28605","post","type-post","status-publish","format-standard","has-post-thumbnail","hentry","category-sociedad"],"jetpack_publicize_connections":[],"_links":{"self":[{"href":"https:\/\/diariorepublica.com.ar\/web\/index.php\/wp-json\/wp\/v2\/posts\/28605"}],"collection":[{"href":"https:\/\/diariorepublica.com.ar\/web\/index.php\/wp-json\/wp\/v2\/posts"}],"about":[{"href":"https:\/\/diariorepublica.com.ar\/web\/index.php\/wp-json\/wp\/v2\/types\/post"}],"author":[{"embeddable":true,"href":"https:\/\/diariorepublica.com.ar\/web\/index.php\/wp-json\/wp\/v2\/users\/1"}],"replies":[{"embeddable":true,"href":"https:\/\/diariorepublica.com.ar\/web\/index.php\/wp-json\/wp\/v2\/comments?post=28605"}],"version-history":[{"count":1,"href":"https:\/\/diariorepublica.com.ar\/web\/index.php\/wp-json\/wp\/v2\/posts\/28605\/revisions"}],"predecessor-version":[{"id":28607,"href":"https:\/\/diariorepublica.com.ar\/web\/index.php\/wp-json\/wp\/v2\/posts\/28605\/revisions\/28607"}],"wp:featuredmedia":[{"embeddable":true,"href":"https:\/\/diariorepublica.com.ar\/web\/index.php\/wp-json\/wp\/v2\/media\/28606"}],"wp:attachment":[{"href":"https:\/\/diariorepublica.com.ar\/web\/index.php\/wp-json\/wp\/v2\/media?parent=28605"}],"wp:term":[{"taxonomy":"category","embeddable":true,"href":"https:\/\/diariorepublica.com.ar\/web\/index.php\/wp-json\/wp\/v2\/categories?post=28605"},{"taxonomy":"post_tag","embeddable":true,"href":"https:\/\/diariorepublica.com.ar\/web\/index.php\/wp-json\/wp\/v2\/tags?post=28605"}],"curies":[{"name":"wp","href":"https:\/\/api.w.org\/{rel}","templated":true}]}}