{"id":28608,"date":"2026-01-12T12:34:00","date_gmt":"2026-01-12T15:34:00","guid":{"rendered":"https:\/\/diariorepublica.com.ar\/web\/?p=28608"},"modified":"2026-01-12T16:35:47","modified_gmt":"2026-01-12T19:35:47","slug":"corte-en-avenida-belgrano-por-tareas-de-fresado","status":"publish","type":"post","link":"https:\/\/diariorepublica.com.ar\/web\/index.php\/sociedad\/2026\/01\/12\/corte-en-avenida-belgrano-por-tareas-de-fresado\/","title":{"rendered":"Corte en avenida Belgrano por tareas de fresado"},"content":{"rendered":"<p>Vialidad Provincial inform\u00f3 que contin\u00faan los trabajos de fresado sobre la Avenida Belgrano, los cuales se extender\u00e1n desde el lunes 12 hasta el viernes 16 de enero.<\/p>\n<p>Seg\u00fan el cronograma oficial, los d\u00edas lunes 12, martes 13 y mi\u00e9rcoles 14, en el horario de 08:00 a 13:00, el corte ser\u00e1 total en el tramo comprendido entre calle Jun\u00edn y calle Sarmiento.<\/p>\n<p>En tanto, el jueves 15 y viernes 16 de enero, tambi\u00e9n de 08:00 a 13:00, la interrupci\u00f3n del tr\u00e1nsito se realizar\u00e1 entre las calles Sarmiento y Tucum\u00e1n.<\/p>\n<p>Desde el organismo provincial solicitaron a los conductores circular con extrema precauci\u00f3n, respetar la se\u00f1alizaci\u00f3n dispuesta en el lugar y optar por calles alternativas para evitar inconvenientes durante el desarrollo de las obras.<\/p>\n","protected":false},"excerpt":{"rendered":"<p>Vialidad Provincial inform\u00f3 que contin\u00faan los trabajos de fresado sobre la Avenida Belgrano, los cuales se extender\u00e1n desde el lunes<\/p>\n","protected":false},"author":1,"featured_media":28609,"comment_status":"closed","ping_status":"closed","sticky":false,"template":"","format":"standard","meta":{"footnotes":"","jetpack_publicize_message":"","jetpack_publicize_feature_enabled":true,"jetpack_social_post_already_shared":true,"jetpack_social_options":{"image_generator_settings":{"template":"highway","enabled":false},"version":2}},"categories":[3],"tags":[],"class_list":["post-28608","post","type-post","status-publish","format-standard","has-post-thumbnail","hentry","category-sociedad"],"jetpack_publicize_connections":[],"_links":{"self":[{"href":"https:\/\/diariorepublica.com.ar\/web\/index.php\/wp-json\/wp\/v2\/posts\/28608"}],"collection":[{"href":"https:\/\/diariorepublica.com.ar\/web\/index.php\/wp-json\/wp\/v2\/posts"}],"about":[{"href":"https:\/\/diariorepublica.com.ar\/web\/index.php\/wp-json\/wp\/v2\/types\/post"}],"author":[{"embeddable":true,"href":"https:\/\/diariorepublica.com.ar\/web\/index.php\/wp-json\/wp\/v2\/users\/1"}],"replies":[{"embeddable":true,"href":"https:\/\/diariorepublica.com.ar\/web\/index.php\/wp-json\/wp\/v2\/comments?post=28608"}],"version-history":[{"count":1,"href":"https:\/\/diariorepublica.com.ar\/web\/index.php\/wp-json\/wp\/v2\/posts\/28608\/revisions"}],"predecessor-version":[{"id":28610,"href":"https:\/\/diariorepublica.com.ar\/web\/index.php\/wp-json\/wp\/v2\/posts\/28608\/revisions\/28610"}],"wp:featuredmedia":[{"embeddable":true,"href":"https:\/\/diariorepublica.com.ar\/web\/index.php\/wp-json\/wp\/v2\/media\/28609"}],"wp:attachment":[{"href":"https:\/\/diariorepublica.com.ar\/web\/index.php\/wp-json\/wp\/v2\/media?parent=28608"}],"wp:term":[{"taxonomy":"category","embeddable":true,"href":"https:\/\/diariorepublica.com.ar\/web\/index.php\/wp-json\/wp\/v2\/categories?post=28608"},{"taxonomy":"post_tag","embeddable":true,"href":"https:\/\/diariorepublica.com.ar\/web\/index.php\/wp-json\/wp\/v2\/tags?post=28608"}],"curies":[{"name":"wp","href":"https:\/\/api.w.org\/{rel}","templated":true}]}}