{"id":28619,"date":"2026-01-12T16:53:43","date_gmt":"2026-01-12T19:53:43","guid":{"rendered":"https:\/\/diariorepublica.com.ar\/web\/?p=28619"},"modified":"2026-01-12T16:53:57","modified_gmt":"2026-01-12T19:53:57","slug":"la-onu-reclamo-la-liberacion-de-todos-los-presos-politicos-en-venezuela","status":"publish","type":"post","link":"https:\/\/diariorepublica.com.ar\/web\/index.php\/internacionales\/2026\/01\/12\/la-onu-reclamo-la-liberacion-de-todos-los-presos-politicos-en-venezuela\/","title":{"rendered":"La ONU reclam\u00f3 la liberaci\u00f3n de todos los presos pol\u00edticos en Venezuela"},"content":{"rendered":"<article id=\"article-post\" class=\"first\">\n<div class=\"cuerpo\" data-twitter-link=\"https:\/\/twitter.com\/intent\/tweet?url=https:\/\/www.diariopopular.com.ar\/c880750&amp;via=poopulardiario&amp;related=Popular&amp;text=\">\n<p>La\u00a0<strong>ONU<\/strong>\u00a0exigi\u00f3 este lunes al gobierno interino de Venezuela\u00a0<strong>la libertad \u00abinmediata e incondicional\u00bb de todos los presos pol\u00edticos<\/strong>. El reclamo se conoci\u00f3 horas despu\u00e9s de que la ONG Foro Penal informara sobre\u00a0la excarcelaci\u00f3n de 24 personas, entre ellas dos italianos, que permanec\u00edan recluidas en los centros penitenciarios La Cris\u00e1lida y El Rodeo 1.<\/p>\n<\/div>\n<\/article>\n<article id=\"article-post\">\n<div class=\"cuerpo\" data-twitter-link=\"https:\/\/twitter.com\/intent\/tweet?url=https:\/\/www.diariopopular.com.ar\/c880750&amp;via=poopulardiario&amp;related=Popular&amp;text=\">\n<p>\u201cDe un total estimado de\u00a0<strong>800 personas detenidas por motivos pol\u00edticos<\/strong>, hasta el momento\u00a0<strong>s\u00f3lo alrededor de 50 parecen haber sido liberadas<\/strong>, incluidas algunas cuyos casos han sido mencionados en nuestros informes anteriores\u00bb, se\u00f1al\u00f3 la Misi\u00f3n Internacional Independiente de la ONU para la Determinaci\u00f3n de los Hechos sobre Venezuela en un comunicado.<\/p>\n<p>\u00abEsto est\u00e1\u00a0<strong>muy lejos de cumplir con las obligaciones internacionales de\u00a0Venezuela<\/strong>\u00a0en materia de derechos humanos. Seguimos particularmente preocupados por las mujeres que a\u00fan siguen detenidas, dada la afectaci\u00f3n distinta y a menudo agravada que la detenci\u00f3n tiene sobre su salud y sus responsabilidades de cuidado\u00bb, remarc\u00f3 el texto.<\/p>\n<p>La organizaci\u00f3n internacional manifest\u00f3 tambi\u00e9n su preocupaci\u00f3n por\u00a0<strong>la falta de transparencia de las autoridades venezolana<\/strong>s ante las nuevas liberaciones, que se realizan en cuentagotas y sin que se conozcan los criterios aplicados, los plazos y el n\u00famero exacto de los presos liberados. Seg\u00fan el gobierno interino de\u00a0<strong>Delcy Rodr\u00edguez<\/strong>, en los \u00faltimos d\u00edas fueron excarcelados 116 presos pol\u00edticos.<\/p>\n<p>Hasta ahora,\u00a0<strong>no existe una lista oficial ni informaci\u00f3n fehaciente sobre las pr\u00f3ximas excarcelaciones<\/strong>. La metodolog\u00eda consiste en avisar a los familiares pocos minutos antes de la liberaci\u00f3n, dejando a los detenidos en puntos espec\u00edficos fuera del centro de detenci\u00f3n.<\/p>\n<p>La de esta madrugada fue\u00a0<strong>la segunda tanda de liberados<\/strong>\u00a0por el gobierno interino. Vale recordar que la primera tuvo lugar cinco d\u00edas despu\u00e9s del operativo militar de Estados Unidos que termin\u00f3 con la captura de\u00a0<strong>Nicol\u00e1s Maduro<\/strong>\u00a0y su extradici\u00f3n para ser juzgado ante un tribunal federal en Nueva York, donde enfrenta cargos de narcoterrorismo.<\/p>\n<p>En su comunicado, la ONU urgi\u00f3 a las autoridades chavistas a proporcionar\u00a0<strong>informaci\u00f3n clara sobre el paradero de los detenidos a sus familiares<\/strong>, as\u00ed como a garantizar la comunicaci\u00f3n con ellos. \u201cLa detenci\u00f3n prolongada en r\u00e9gimen de incomunicaci\u00f3n -una violaci\u00f3n de derechos humanos que muchas personas contin\u00faan enfrentando- agrava el sufrimiento de las familias y debe cesar\u201d, denunciaron.<\/p>\n<div id=\"embed6214_wrap\" class=\"embed_cont type_freetext\" contenteditable=\"false\" data-provider=\"Twitter\">\n<div id=\"embed6214_content\" class=\"embed_content\">\n<div id=\"embed6214_embed\">\n<div class=\"twitter-tweet twitter-tweet-rendered\"><iframe id=\"twitter-widget-0\" class=\"\" title=\"X Post\" src=\"https:\/\/platform.twitter.com\/embed\/Tweet.html?creatorScreenName=diariopopular&amp;dnt=false&amp;embedId=twitter-widget-0&amp;features=eyJ0ZndfdGltZWxpbmVfbGlzdCI6eyJidWNrZXQiOltdLCJ2ZXJzaW9uIjpudWxsfSwidGZ3X2ZvbGxvd2VyX2NvdW50X3N1bnNldCI6eyJidWNrZXQiOnRydWUsInZlcnNpb24iOm51bGx9LCJ0ZndfdHdlZXRfZWRpdF9iYWNrZW5kIjp7ImJ1Y2tldCI6Im9uIiwidmVyc2lvbiI6bnVsbH0sInRmd19yZWZzcmNfc2Vzc2lvbiI6eyJidWNrZXQiOiJvbiIsInZlcnNpb24iOm51bGx9LCJ0ZndfZm9zbnJfc29mdF9pbnRlcnZlbnRpb25zX2VuYWJsZWQiOnsiYnVja2V0Ijoib24iLCJ2ZXJzaW9uIjpudWxsfSwidGZ3X21peGVkX21lZGlhXzE1ODk3Ijp7ImJ1Y2tldCI6InRyZWF0bWVudCIsInZlcnNpb24iOm51bGx9LCJ0ZndfZXhwZXJpbWVudHNfY29va2llX2V4cGlyYXRpb24iOnsiYnVja2V0IjoxMjA5NjAwLCJ2ZXJzaW9uIjpudWxsfSwidGZ3X3Nob3dfYmlyZHdhdGNoX3Bpdm90c19lbmFibGVkIjp7ImJ1Y2tldCI6Im9uIiwidmVyc2lvbiI6bnVsbH0sInRmd19kdXBsaWNhdGVfc2NyaWJlc190b19zZXR0aW5ncyI6eyJidWNrZXQiOiJvbiIsInZlcnNpb24iOm51bGx9LCJ0ZndfdXNlX3Byb2ZpbGVfaW1hZ2Vfc2hhcGVfZW5hYmxlZCI6eyJidWNrZXQiOiJvbiIsInZlcnNpb24iOm51bGx9LCJ0ZndfdmlkZW9faGxzX2R5bmFtaWNfbWFuaWZlc3RzXzE1MDgyIjp7ImJ1Y2tldCI6InRydWVfYml0cmF0ZSIsInZlcnNpb24iOm51bGx9LCJ0ZndfbGVnYWN5X3RpbWVsaW5lX3N1bnNldCI6eyJidWNrZXQiOnRydWUsInZlcnNpb24iOm51bGx9LCJ0ZndfdHdlZXRfZWRpdF9mcm9udGVuZCI6eyJidWNrZXQiOiJvbiIsInZlcnNpb24iOm51bGx9fQ%3D%3D&amp;frame=false&amp;hideCard=false&amp;hideThread=false&amp;id=2010617096837775513&amp;lang=en&amp;origin=https%3A%2F%2Fwww.diariopopular.com.ar%2Finternacionales%2Fla-onu-reclamo-la-liberacion-todos-los-presos-politicos-venezuela-n880750&amp;sessionId=68bf78d6910d7dc321b7fb1c78fc121e13673454&amp;siteScreenName=diariopopular&amp;theme=light&amp;widgetsVersion=2615f7e52b7e0%3A1702314776716&amp;width=550px\" frameborder=\"0\" scrolling=\"no\" allowfullscreen=\"allowfullscreen\" data-tweet-id=\"2010617096837775513\" data-gtm-yt-inspected-13=\"true\" data-mce-fragment=\"1\"><\/iframe><\/div>\n<\/div>\n<\/div>\n<div id=\"embed6214_epigrafe\" class=\"embed_epigrafe\"><\/div>\n<div id=\"embed6214_copyright\" class=\"embed_copyright\"><\/div>\n<\/div>\n<p>Desde la detenci\u00f3n de Maduro y su esposa\u00a0<strong>Cilia Flores<\/strong>, centenares de familiares de presos pol\u00edticos se mantienen a las afueras de distintas c\u00e1rceles donde, en \u201cmuchos casos\u201d los<strong>\u00a0\u201cfuncionarios alegan desconocer las \u00f3rdenes de excarcelaci\u00f3n\u201d<\/strong>.<\/p>\n<p>La Misi\u00f3n Internacional Independiente de Determinaci\u00f3n de los Hechos sobre Venezuela fue creada en septiembre de 2019 por el Consejo de Derechos Humanos de la ONU \u201cpara evaluar\u00a0<strong>las presuntas violaciones de derechos humanos\u00a0<\/strong>cometidas desde 2014\u201d en el pa\u00eds caribe\u00f1o.<\/p>\n<\/div>\n<\/article>\n","protected":false},"excerpt":{"rendered":"<p>La\u00a0ONU\u00a0exigi\u00f3 este lunes al gobierno interino de Venezuela\u00a0la libertad \u00abinmediata e incondicional\u00bb de todos los presos pol\u00edticos. El reclamo se<\/p>\n","protected":false},"author":1,"featured_media":28620,"comment_status":"closed","ping_status":"closed","sticky":false,"template":"","format":"standard","meta":{"footnotes":"","jetpack_publicize_message":"","jetpack_publicize_feature_enabled":true,"jetpack_social_post_already_shared":true,"jetpack_social_options":{"image_generator_settings":{"template":"highway","enabled":false},"version":2}},"categories":[6],"tags":[],"class_list":["post-28619","post","type-post","status-publish","format-standard","has-post-thumbnail","hentry","category-internacionales"],"jetpack_publicize_connections":[],"_links":{"self":[{"href":"https:\/\/diariorepublica.com.ar\/web\/index.php\/wp-json\/wp\/v2\/posts\/28619"}],"collection":[{"href":"https:\/\/diariorepublica.com.ar\/web\/index.php\/wp-json\/wp\/v2\/posts"}],"about":[{"href":"https:\/\/diariorepublica.com.ar\/web\/index.php\/wp-json\/wp\/v2\/types\/post"}],"author":[{"embeddable":true,"href":"https:\/\/diariorepublica.com.ar\/web\/index.php\/wp-json\/wp\/v2\/users\/1"}],"replies":[{"embeddable":true,"href":"https:\/\/diariorepublica.com.ar\/web\/index.php\/wp-json\/wp\/v2\/comments?post=28619"}],"version-history":[{"count":2,"href":"https:\/\/diariorepublica.com.ar\/web\/index.php\/wp-json\/wp\/v2\/posts\/28619\/revisions"}],"predecessor-version":[{"id":28622,"href":"https:\/\/diariorepublica.com.ar\/web\/index.php\/wp-json\/wp\/v2\/posts\/28619\/revisions\/28622"}],"wp:featuredmedia":[{"embeddable":true,"href":"https:\/\/diariorepublica.com.ar\/web\/index.php\/wp-json\/wp\/v2\/media\/28620"}],"wp:attachment":[{"href":"https:\/\/diariorepublica.com.ar\/web\/index.php\/wp-json\/wp\/v2\/media?parent=28619"}],"wp:term":[{"taxonomy":"category","embeddable":true,"href":"https:\/\/diariorepublica.com.ar\/web\/index.php\/wp-json\/wp\/v2\/categories?post=28619"},{"taxonomy":"post_tag","embeddable":true,"href":"https:\/\/diariorepublica.com.ar\/web\/index.php\/wp-json\/wp\/v2\/tags?post=28619"}],"curies":[{"name":"wp","href":"https:\/\/api.w.org\/{rel}","templated":true}]}}