{"id":28626,"date":"2026-01-12T16:56:29","date_gmt":"2026-01-12T19:56:29","guid":{"rendered":"https:\/\/diariorepublica.com.ar\/web\/?p=28626"},"modified":"2026-01-12T16:56:31","modified_gmt":"2026-01-12T19:56:31","slug":"real-madrid-echo-a-xabi-alonso-y-ya-definio-su-nuevo-dt","status":"publish","type":"post","link":"https:\/\/diariorepublica.com.ar\/web\/index.php\/deportes\/2026\/01\/12\/real-madrid-echo-a-xabi-alonso-y-ya-definio-su-nuevo-dt\/","title":{"rendered":"Real Madrid ech\u00f3 a Xabi Alonso y ya defini\u00f3 su nuevo DT"},"content":{"rendered":"<article id=\"article-post\" class=\"first\">\n<div class=\"cuerpo\" data-twitter-link=\"https:\/\/twitter.com\/intent\/tweet?url=https:\/\/www.diariopopular.com.ar\/c880751&amp;via=poopulardiario&amp;related=Popular&amp;text=\">\n<p>El d\u00eda despu\u00e9s de la\u00a0<strong><a href=\"https:\/\/www.diariopopular.com.ar\/futbol\/barcelona-le-gano-real-madrid-y-se-consagro-campeon-la-supercopa-espana-n880631\" target=\"_blank\" rel=\"follow noopener\">derrota contra Barcelona<\/a><\/strong>\u00a0en la final de la Supercopa de Espa\u00f1a,\u00a0<strong>el Real Madrid le puso punto final al ciclo de Xabi Alonso.<\/strong>\u00a0Pese a que hab\u00eda asumido hace menos de una temporada, el club espa\u00f1ol decidi\u00f3 la salida del entrenador. Su reemplazante ser\u00e1\u00a0<strong>\u00c1lvaro Arbeloa<\/strong>, que hasta ahora era el DT del Real Madrid Castilla.<\/p>\n<\/div>\n<\/article>\n<article id=\"article-post\">\n<div class=\"cuerpo\" data-twitter-link=\"https:\/\/twitter.com\/intent\/tweet?url=https:\/\/www.diariopopular.com.ar\/c880751&amp;via=poopulardiario&amp;related=Popular&amp;text=\">\n<p>La novedad fue anunciada por el Merengue en sus redes sociales. \u00abEl Real Madrid CF comunica que, de mutuo acuerdo entre el club y Xabi Alonso,\u00a0<strong>se ha decidido poner fin a su etapa como entrenador del primer equipo\u00bb<\/strong>, indic\u00f3 en un comunicado. \u00abXabi Alonso siempre tendr\u00e1 el cari\u00f1o y la admiraci\u00f3n de todo el madridismo porque es una leyenda del Real Madrid y ha representado en todo momento los valores de nuestro club.\u00a0<strong>El Real Madrid siempre ser\u00e1 su casa\u00bb<\/strong>, agreg\u00f3 el texto.<\/p>\n<p>\u00abNuestro club agradece a Xabi Alonso y a su equipo t\u00e9cnico\u00a0<strong>el trabajo y la dedicaci\u00f3n en todo este tiempo<\/strong>, y les desea mucha suerte en esta nueva etapa de sus vidas\u00bb, cerr\u00f3.<\/p>\n<figure id=\"780010-Libre-772557355_wrap\" class=\"embed_cont type_imagen\" contenteditable=\"false\">\n<div id=\"780010-Libre-772557355_content\" class=\"embed_content\"><img loading=\"lazy\" decoding=\"async\" id=\"780010-Libre-772557355_embed\" title=\"El comunicado del Real&amp;nbsp; Madrid sobre la salida de Xabi Alonso.\" src=\"https:\/\/media.diariopopular.com.ar\/p\/eea3660d23027982e1ff77202164c7a9\/adjuntos\/143\/imagenes\/008\/225\/0008225182\/1140x0\/smart\/realmadridcomunicado.jpg\" alt=\"El comunicado del Real&amp;nbsp; Madrid sobre la salida de Xabi Alonso.\" width=\"1140\" height=\"898\" longdesc=\"https:\/\/media.diariopopular.com.ar\/p\/eea3660d23027982e1ff77202164c7a9\/adjuntos\/143\/imagenes\/008\/225\/0008225182\/1140x0\/smart\/realmadridcomunicado.jpg\" \/><\/div><figcaption id=\"780010-Libre-772557355_epigrafe\" class=\"embed_epigrafe\">El comunicado del Real Madrid sobre la salida de Xabi Alonso.<\/p>\n<\/figcaption><div id=\"780010-Libre-772557355_copyright\" class=\"embed_copyright\"><\/div>\n<\/figure>\n<p>Xabi Alonso hab\u00eda sido anunciado\u00a0<strong>el pasado 25 de mayo como nuevo entrenador del Real Madrid<\/strong>\u00a0para ocupar el hueco que dejaba el italiano\u00a0<strong>Carlo Ancelotti<\/strong>, que se alejaba del cargo antes del final de su contrato en 2026 para dirigir a la selecci\u00f3n brasile\u00f1a.<\/p>\n<p>De este modo, el exfutbolista volv\u00eda a un club en el que\u00a0<strong>hab\u00eda jugado un total de 236 partidos oficiales entre 2009 y 2014<\/strong>, logrando una Liga de Campeones, una Liga, dos Copas del Rey, una Supercopa de Europa y una Supercopa de Espa\u00f1a antes de poner rumbo al Bayern M\u00fanich y\u00a0<strong>despu\u00e9s de haber brillado como entrenador en el Bayer Leverkusen<\/strong>, con el que gan\u00f3 la Bundesliga y la Copa Alemana en su primer a\u00f1o entero, en el que\u00a0<strong>s\u00f3lo perdi\u00f3 un encuentro<\/strong>: el de la final de la Liga Europa.<\/p>\n<p>Su llegada despert\u00f3 mucha expectativa por el f\u00fatbol que hab\u00eda ofrecido el conjunto germano,\u00a0<strong>pero este no pudo verse en el Real Madrid<\/strong>. Alonso se estren\u00f3 en el Mundial de Clubes, con poco tiempo de trabajo, y lleg\u00f3 a las semifinales donde\u00a0<strong>fue goleado 4-0 por el Paris Saint-Germain<\/strong>, lo que despert\u00f3 las primeras dudas.<\/p>\n<p>Sin encontrar un buen juego, con una gran dependencia goledora de\u00a0<strong>Kylian Mbapp\u00e9<\/strong>\u00a0y con muchos jugadores sin dar un buen nivel, Alonso logr\u00f3 que su equipo llegase a la Supercopa de Espa\u00f1a con cuatro victorias consecutivas. El DT super\u00f3 la &#8216;final&#8217; ante el Atl\u00e9tico de Madrid con poco f\u00fatbol, pero su derrota, con una imagen tampoco brillante, en el partido por el t\u00edtulo ante el Barcelona (3-2)\u00a0<strong>le termin\u00f3 por costar el puesto<\/strong>.<\/p>\n<p>Ahora,\u00a0<strong>ser\u00e1 el turno de \u00c1lvaro Arbeloa<\/strong>, que se estrenar\u00e1 en el banco este mi\u00e9rcoles en el Estadio Carlos Belmonte en la eliminatoria de octavos de final de la Copa del Rey ante el Albacete Balompi\u00e9 de LaLiga Hypermotion. El club espa\u00f1ol destac\u00f3 que A<strong>rbolea \u00abform\u00f3 parte en una de las etapas m\u00e1s exitosas de la historia\u00bb del Real Madrid<\/strong>, en el que estuvo entre 2009 y 2016, disputando 238 partidos oficiales y conquistando un total de ocho t\u00edtulos (2 Ligas de Campeones, 1 Mundial de Clubes, 1 Supercopa de Europa, 1 Liga, 2 Copas del Rey y 1 Supercopa de Espa\u00f1a).<\/p>\n<\/div>\n<\/article>\n","protected":false},"excerpt":{"rendered":"<p>El d\u00eda despu\u00e9s de la\u00a0derrota contra Barcelona\u00a0en la final de la Supercopa de Espa\u00f1a,\u00a0el Real Madrid le puso punto final<\/p>\n","protected":false},"author":1,"featured_media":28627,"comment_status":"closed","ping_status":"closed","sticky":false,"template":"","format":"standard","meta":{"footnotes":"","jetpack_publicize_message":"","jetpack_publicize_feature_enabled":true,"jetpack_social_post_already_shared":true,"jetpack_social_options":{"image_generator_settings":{"template":"highway","enabled":false},"version":2}},"categories":[9],"tags":[],"class_list":["post-28626","post","type-post","status-publish","format-standard","has-post-thumbnail","hentry","category-deportes"],"jetpack_publicize_connections":[],"_links":{"self":[{"href":"https:\/\/diariorepublica.com.ar\/web\/index.php\/wp-json\/wp\/v2\/posts\/28626"}],"collection":[{"href":"https:\/\/diariorepublica.com.ar\/web\/index.php\/wp-json\/wp\/v2\/posts"}],"about":[{"href":"https:\/\/diariorepublica.com.ar\/web\/index.php\/wp-json\/wp\/v2\/types\/post"}],"author":[{"embeddable":true,"href":"https:\/\/diariorepublica.com.ar\/web\/index.php\/wp-json\/wp\/v2\/users\/1"}],"replies":[{"embeddable":true,"href":"https:\/\/diariorepublica.com.ar\/web\/index.php\/wp-json\/wp\/v2\/comments?post=28626"}],"version-history":[{"count":1,"href":"https:\/\/diariorepublica.com.ar\/web\/index.php\/wp-json\/wp\/v2\/posts\/28626\/revisions"}],"predecessor-version":[{"id":28628,"href":"https:\/\/diariorepublica.com.ar\/web\/index.php\/wp-json\/wp\/v2\/posts\/28626\/revisions\/28628"}],"wp:featuredmedia":[{"embeddable":true,"href":"https:\/\/diariorepublica.com.ar\/web\/index.php\/wp-json\/wp\/v2\/media\/28627"}],"wp:attachment":[{"href":"https:\/\/diariorepublica.com.ar\/web\/index.php\/wp-json\/wp\/v2\/media?parent=28626"}],"wp:term":[{"taxonomy":"category","embeddable":true,"href":"https:\/\/diariorepublica.com.ar\/web\/index.php\/wp-json\/wp\/v2\/categories?post=28626"},{"taxonomy":"post_tag","embeddable":true,"href":"https:\/\/diariorepublica.com.ar\/web\/index.php\/wp-json\/wp\/v2\/tags?post=28626"}],"curies":[{"name":"wp","href":"https:\/\/api.w.org\/{rel}","templated":true}]}}