{"id":28632,"date":"2026-01-13T06:42:00","date_gmt":"2026-01-13T09:42:00","guid":{"rendered":"https:\/\/diariorepublica.com.ar\/web\/?p=28632"},"modified":"2026-01-13T07:44:13","modified_gmt":"2026-01-13T10:44:13","slug":"meteotsunami-en-santa-clara-del-mar-un-muerto-y-mas-de-30-heridos","status":"publish","type":"post","link":"https:\/\/diariorepublica.com.ar\/web\/index.php\/nacionales\/2026\/01\/13\/meteotsunami-en-santa-clara-del-mar-un-muerto-y-mas-de-30-heridos\/","title":{"rendered":"Meteotsunami en Santa Clara del Mar: un muerto y m\u00e1s de 30 heridos"},"content":{"rendered":"<article id=\"article-post\" class=\"first\">\n<div class=\"cuerpo\" data-twitter-link=\"https:\/\/twitter.com\/intent\/tweet?url=https:\/\/www.diariopopular.com.ar\/c880760&amp;via=poopulardiario&amp;related=Popular&amp;text=\">\n<p>Un extra\u00f1o episodio mar\u00edtimo se registr\u00f3 este lunes en<strong>\u00a0Santa Clara del Mar, localidad ubicada a 20 kil\u00f3metros de Mar del Plata<\/strong>, donde turistas que estaban en la playa fueron sorprendidos por el retiro repentino del mar y el posterior avance con olas de gran tama\u00f1o.\u00a0<strong>Seg\u00fan inform\u00f3 Defensa Civil, un hombre de 35 a\u00f1os muri\u00f3 y 35 personas sufrieron heridas, una de las cuales padeci\u00f3 un infarto pero se mantiene con vida<\/strong>. La v\u00edctima fatal habr\u00eda impactado contra las rocas en medio del fuerte oleaje.<\/p>\n<\/div>\n<\/article>\n<article id=\"article-post\">\n<div class=\"cuerpo\" data-twitter-link=\"https:\/\/twitter.com\/intent\/tweet?url=https:\/\/www.diariopopular.com.ar\/c880760&amp;via=poopulardiario&amp;related=Popular&amp;text=\">\n<p>La situaci\u00f3n provoc\u00f3 momentos de caos entre los presentes, ya que el agua arrastr\u00f3 pertenencias como bolsos, reposeras y sombrillas, mientras que quienes estaban dentro del mar debieron ayudarse entre s\u00ed para salir.\u00a0<strong>En el lugar trabajaron efectivos policiales y ambulancias para asistir a los heridos<\/strong>, mientras se monitorea la zona ante posibles nuevos movimientos del mar.<\/p>\n<p>El momento en el que las personas eran desalojadas mientras crec\u00edan las olas<\/p>\n<div id=\"780029-1310033708_wrap\" class=\"embed_cont type_video\" contenteditable=\"false\">\n<div id=\"780029-1310033708_content\" class=\"embed_content\">\n<div id=\"780029-1310033708_embed\">\n<div id=\"mediaPlayer_780029-1310033708\"><iframe loading=\"lazy\" src=\"https:\/\/www.diariopopular.com.ar\/services\/embed.php?idAdjunto=780029&amp;idAdjuntoTamano=0&amp;width=622&amp;height=351&amp;tipo=video\" width=\"622\" height=\"351\" frameborder=\"0\" scrolling=\"no\" allowfullscreen=\"allowfullscreen\" data-gtm-yt-inspected-14=\"true\" data-mce-fragment=\"1\"><\/iframe><\/div>\n<\/div>\n<\/div>\n<div id=\"780029-1310033708_epigrafe\" class=\"embed_epigrafe\"><\/div>\n<div id=\"780029-1310033708_copyright\" class=\"embed_copyright\"><\/div>\n<\/div>\n<p><strong>Testigos relataron que el fen\u00f3meno ocurri\u00f3 de manera repentina durante la tarde<\/strong>, \u00abHubo una gran retirada previa y despu\u00e9s el agua subi\u00f3 hasta las piedras, algunos sectores quedaron sin playa\u00bb, aseguraron. Seg\u00fan se puede observar en las im\u00e1genes, una sucesi\u00f3n de olas de gran tama\u00f1o avanz\u00f3 con fuerza sobre la playa, sorprendiendo tanto a turistas como a residentes\u00a0<strong>que r\u00e1pidamente se alejaron bajo las \u00f3rdenes de Defensa Civil.<\/strong><\/p>\n<p><strong>Fabi\u00e1n Garc\u00eda, director de Defensa Civil<\/strong>, explic\u00f3 que<strong>\u00a0\u00abfue un evento imprevisible, los meteor\u00f3logos lo denominan olas espurias<\/strong>. No tiene causas confirmadas por la ciencia y no significa que va a haber una repetici\u00f3n\u00bb<em>.<\/em><\/p>\n<p>\u201cEstabas en la orilla y el agua te llegaba por arriba del cuello.<strong>\u00a0La gente no pod\u00eda salir. Los guardavidas no daban abasto<\/strong>. Hab\u00eda muchos ni\u00f1os\u00bb, detall\u00f3 una periodista de TN desde el lugar de los hechos, y agreg\u00f3 que \u00abla ola arrastr\u00f3 bolsos, sombrillas y sillas,\u00a0<strong>fue una masa gigante de agua que se llev\u00f3 todo\u00bb<\/strong><em>.<\/em><\/p>\n<p>En el mismo medio, uno de los guardavidas que particip\u00f3 en el rescate sum\u00f3: \u201cSacamos a todos del mar, empezamos a tocar silbatos pero con el calor que hac\u00eda la gente segu\u00eda en el mar<em>.\u00a0<\/em><strong>Se produjo un remolino negro, fue horrible\u201d<\/strong><em><strong>.<\/strong><\/em><\/p>\n<\/div>\n<\/article>\n","protected":false},"excerpt":{"rendered":"<p>Un extra\u00f1o episodio mar\u00edtimo se registr\u00f3 este lunes en\u00a0Santa Clara del Mar, localidad ubicada a 20 kil\u00f3metros de Mar del<\/p>\n","protected":false},"author":1,"featured_media":28633,"comment_status":"closed","ping_status":"closed","sticky":false,"template":"","format":"standard","meta":{"footnotes":"","jetpack_publicize_message":"","jetpack_publicize_feature_enabled":true,"jetpack_social_post_already_shared":true,"jetpack_social_options":{"image_generator_settings":{"template":"highway","enabled":false},"version":2}},"categories":[4],"tags":[],"class_list":["post-28632","post","type-post","status-publish","format-standard","has-post-thumbnail","hentry","category-nacionales"],"jetpack_publicize_connections":[],"_links":{"self":[{"href":"https:\/\/diariorepublica.com.ar\/web\/index.php\/wp-json\/wp\/v2\/posts\/28632"}],"collection":[{"href":"https:\/\/diariorepublica.com.ar\/web\/index.php\/wp-json\/wp\/v2\/posts"}],"about":[{"href":"https:\/\/diariorepublica.com.ar\/web\/index.php\/wp-json\/wp\/v2\/types\/post"}],"author":[{"embeddable":true,"href":"https:\/\/diariorepublica.com.ar\/web\/index.php\/wp-json\/wp\/v2\/users\/1"}],"replies":[{"embeddable":true,"href":"https:\/\/diariorepublica.com.ar\/web\/index.php\/wp-json\/wp\/v2\/comments?post=28632"}],"version-history":[{"count":1,"href":"https:\/\/diariorepublica.com.ar\/web\/index.php\/wp-json\/wp\/v2\/posts\/28632\/revisions"}],"predecessor-version":[{"id":28634,"href":"https:\/\/diariorepublica.com.ar\/web\/index.php\/wp-json\/wp\/v2\/posts\/28632\/revisions\/28634"}],"wp:featuredmedia":[{"embeddable":true,"href":"https:\/\/diariorepublica.com.ar\/web\/index.php\/wp-json\/wp\/v2\/media\/28633"}],"wp:attachment":[{"href":"https:\/\/diariorepublica.com.ar\/web\/index.php\/wp-json\/wp\/v2\/media?parent=28632"}],"wp:term":[{"taxonomy":"category","embeddable":true,"href":"https:\/\/diariorepublica.com.ar\/web\/index.php\/wp-json\/wp\/v2\/categories?post=28632"},{"taxonomy":"post_tag","embeddable":true,"href":"https:\/\/diariorepublica.com.ar\/web\/index.php\/wp-json\/wp\/v2\/tags?post=28632"}],"curies":[{"name":"wp","href":"https:\/\/api.w.org\/{rel}","templated":true}]}}