{"id":28644,"date":"2026-01-13T05:49:00","date_gmt":"2026-01-13T08:49:00","guid":{"rendered":"https:\/\/diariorepublica.com.ar\/web\/?p=28644"},"modified":"2026-01-13T07:51:27","modified_gmt":"2026-01-13T10:51:27","slug":"el-papa-leon-xiv-recibio-a-maria-corina-machado-en-el-vaticano","status":"publish","type":"post","link":"https:\/\/diariorepublica.com.ar\/web\/index.php\/internacionales\/2026\/01\/13\/el-papa-leon-xiv-recibio-a-maria-corina-machado-en-el-vaticano\/","title":{"rendered":"El papa Le\u00f3n XIV recibi\u00f3 a Mar\u00eda Corina Machado en el Vaticano"},"content":{"rendered":"<p>El papa Le\u00f3n XIV recibi\u00f3 este lunes en el Vaticano a la l\u00edder opositora venezolana y Nobel de la Paz, Mar\u00eda Corina Machado. As\u00ed lo inform\u00f3 el \u00e1rea de prensa de la Santa Sede, que no dio detalles sobre el encuentro hasta el momento y solamente difundi\u00f3 la lista de personas que fueron recibidas hoy por el Sumo Pont\u00edfice.<\/p>\n<p>\u00abEsta ma\u00f1ana, el Santo Padre Le\u00f3n XIV recibi\u00f3 en audiencia a Matteo Rossi y Lorenzo Bugli, Capitanes Regentes de la Rep\u00fablica de San Marino; el Arzobispo Mario Enrico Delpini, metropolitano de Mil\u00e1n; el Se\u00f1or Davide Prosperi, presidente de la Fraternidad de Comuni\u00f3n y Liberaci\u00f3n&#8230;\u00bb, informaron. La lista concluye con la\u00a0<strong>\u00abse\u00f1ora Mar\u00eda Corina Machado\u00bb<\/strong>.<\/p>\n<article class=\"article-body par-3\">\n<div class=\"article-content\">\n<div class=\"news-body-paragraph\" data-twitter-link=\"\">\n<p>La audiencia papal tuvo lugar el mismo d\u00eda en que el ministro de Relaciones Exteriores italiano, Antonio Tajani, anunci\u00f3 que Alberto Trentini y Mario Burlo, dos detenidos desde noviembre de 2024 en Venezuela, hab\u00edan sido liberados y se encontraban de regreso a casa.<\/p>\n<\/div>\n<\/div>\n<\/article>\n<article class=\"article-body par-4\">\n<div class=\"article-content\">\n<div class=\"news-body-paragraph\" data-twitter-link=\"\">\n<p class=\"\">\u201cHoy tuve la bendici\u00f3n y el honor de poder compartir con su Santidad y<strong>\u00a0expresarle nuestro agradecimiento por su seguimiento sobre lo que sucede en nuestro pa\u00eds.\u00a0<\/strong>Le transmit\u00ed tambi\u00e9n la fuerza del pueblo venezolano que se mantiene firme y en oraci\u00f3n por la libertad de Venezuela, y\u00a0<strong>le ped\u00ed interceder por todos los venezolanos que permanecen secuestrados y desaparecidos<\/strong>\u201d, dijo Machado tras al reuni\u00f3n.<\/p>\n<\/div>\n<\/div>\n<\/article>\n<article class=\"article-body par-5\">\n<div class=\"article-content\">\n<div class=\"news-body-paragraph\" data-twitter-link=\"\">\n<p class=\"\">Seg\u00fan Comando por Venezuela, el excomando electoral de Machado, la l\u00edder opositora \u201cexpres\u00f3 al Papa la importancia de la gesta c\u00edvica que protagonizaron los venezolanos el 28 de julio de 2024 y que\u00a0<strong>ratifica la legitimidad del presidente Edmundo Gonz\u00e1lez Urrutia<\/strong>\u201d, quien se postul\u00f3 a la presidencia en esos comicios dado que ella estaba inhabilitada por la justicia chavista.<\/p>\n<p class=\"\">En ese sentido, Machado dijo que \u201ccon el acompa\u00f1amiento de la Iglesia y la presi\u00f3n sin precedentes del gobierno de los Estados Unidos,\u00a0<strong>est\u00e1 m\u00e1s cerca la derrota del mal\u201d en Venezuela.<\/strong><\/p>\n<p class=\"\">La Nobel de la Paz tambi\u00e9n se reuni\u00f3 con\u00a0<strong>Pietro Parolin,\u00a0<\/strong>secretario de Estado de la Santa Sede y exnuncio en Venezuela, uno de los mayores conocedores de la situaci\u00f3n de su pa\u00eds dentro del Vaticano.<\/p>\n<\/div>\n<\/div>\n<\/article>\n","protected":false},"excerpt":{"rendered":"<p>El papa Le\u00f3n XIV recibi\u00f3 este lunes en el Vaticano a la l\u00edder opositora venezolana y Nobel de la Paz,<\/p>\n","protected":false},"author":1,"featured_media":28645,"comment_status":"closed","ping_status":"closed","sticky":false,"template":"","format":"standard","meta":{"footnotes":"","jetpack_publicize_message":"","jetpack_publicize_feature_enabled":true,"jetpack_social_post_already_shared":true,"jetpack_social_options":{"image_generator_settings":{"template":"highway","enabled":false},"version":2}},"categories":[6],"tags":[],"class_list":["post-28644","post","type-post","status-publish","format-standard","has-post-thumbnail","hentry","category-internacionales"],"jetpack_publicize_connections":[],"_links":{"self":[{"href":"https:\/\/diariorepublica.com.ar\/web\/index.php\/wp-json\/wp\/v2\/posts\/28644"}],"collection":[{"href":"https:\/\/diariorepublica.com.ar\/web\/index.php\/wp-json\/wp\/v2\/posts"}],"about":[{"href":"https:\/\/diariorepublica.com.ar\/web\/index.php\/wp-json\/wp\/v2\/types\/post"}],"author":[{"embeddable":true,"href":"https:\/\/diariorepublica.com.ar\/web\/index.php\/wp-json\/wp\/v2\/users\/1"}],"replies":[{"embeddable":true,"href":"https:\/\/diariorepublica.com.ar\/web\/index.php\/wp-json\/wp\/v2\/comments?post=28644"}],"version-history":[{"count":1,"href":"https:\/\/diariorepublica.com.ar\/web\/index.php\/wp-json\/wp\/v2\/posts\/28644\/revisions"}],"predecessor-version":[{"id":28646,"href":"https:\/\/diariorepublica.com.ar\/web\/index.php\/wp-json\/wp\/v2\/posts\/28644\/revisions\/28646"}],"wp:featuredmedia":[{"embeddable":true,"href":"https:\/\/diariorepublica.com.ar\/web\/index.php\/wp-json\/wp\/v2\/media\/28645"}],"wp:attachment":[{"href":"https:\/\/diariorepublica.com.ar\/web\/index.php\/wp-json\/wp\/v2\/media?parent=28644"}],"wp:term":[{"taxonomy":"category","embeddable":true,"href":"https:\/\/diariorepublica.com.ar\/web\/index.php\/wp-json\/wp\/v2\/categories?post=28644"},{"taxonomy":"post_tag","embeddable":true,"href":"https:\/\/diariorepublica.com.ar\/web\/index.php\/wp-json\/wp\/v2\/tags?post=28644"}],"curies":[{"name":"wp","href":"https:\/\/api.w.org\/{rel}","templated":true}]}}