{"id":28647,"date":"2026-01-13T00:01:00","date_gmt":"2026-01-13T03:01:00","guid":{"rendered":"https:\/\/diariorepublica.com.ar\/web\/?p=28647"},"modified":"2026-01-13T07:53:18","modified_gmt":"2026-01-13T10:53:18","slug":"venezuela-libero-al-argentino-israeli-yacoov-harari","status":"publish","type":"post","link":"https:\/\/diariorepublica.com.ar\/web\/index.php\/internacionales\/2026\/01\/13\/venezuela-libero-al-argentino-israeli-yacoov-harari\/","title":{"rendered":"Venezuela liber\u00f3 al argentino-israel\u00ed Yacoov Harari"},"content":{"rendered":"<p>La\u00a0excarcelaci\u00f3n de presos pol\u00edticos en Venezuela\u00a0sum\u00f3 este lunes la confirmaci\u00f3n de la liberaci\u00f3n del argentino-israel\u00ed\u00a0<strong>Yacoov Harari<\/strong>, de 72 a\u00f1os, uno de los detenidos extranjeros que permanec\u00eda bajo custodia del r\u00e9gimen chavista. La informaci\u00f3n fue ratificada por la\u00a0<strong>ONG Foro Penal<\/strong>, encargada de verificar las listas oficiales difundidas por las autoridades.<\/p>\n<article class=\"article-body\">\n<div class=\"article-content\">\n<div class=\"news-body-paragraph\" data-twitter-link=\"\">\n<p data-start=\"481\" data-end=\"779\">Harari hab\u00eda sido detenido el 4 de septiembre de 2024 y permaneci\u00f3 m\u00e1s de un a\u00f1o preso en el penal de\u00a0<strong>El Rodeo I<\/strong>. Su liberaci\u00f3n se produjo luego de la ca\u00edda de Nicol\u00e1s Maduro, en un contexto marcado por anuncios oficiales que, hasta el momento, generan cautela entre organismos de derechos humanos.<\/p>\n<\/div>\n<\/div>\n<\/article>\n<article class=\"article-body par-3\">\n<div class=\"article-content\">\n<div class=\"news-body-paragraph\" data-twitter-link=\"\">\n<p data-start=\"481\" data-end=\"779\">Adem\u00e1s de Harari, las autoridades liberaron a dos ciudadanos italianos,\u00a0<strong>Alberto Trentini<\/strong>, de 46 a\u00f1os, y\u00a0<strong>Mario Burl\u00f3<\/strong>, de 52, quienes hab\u00edan sido arrestados en noviembre de 2024.<\/p>\n<\/div>\n<\/div>\n<\/article>\n<article class=\"article-body par-4\">\n<div class=\"article-content\">\n<div class=\"news-body-paragraph\" data-twitter-link=\"\">\n<div id=\"embed42_wrap\" class=\"embed_cont type_freetext\" contenteditable=\"false\">\n<div id=\"embed42_content\" class=\"embed_content\">\n<div id=\"embed42_embed\">\n<div><iframe loading=\"lazy\" title=\"Dailymotion video player \u2013 La liberaci\u00f3n de un argentino-israel\u00ed Yacoov Harari\" src=\"https:\/\/geo.dailymotion.com\/player\/xx206.html?video=x9xmrhy\" width=\"100%\" height=\"100%\" frameborder=\"0\" allowfullscreen=\"allowfullscreen\" data-td-src-property=\"https:\/\/geo.dailymotion.com\/player\/xx206.html?video=x9xmrhy\" data-gtm-yt-inspected-8=\"true\" data-mce-fragment=\"1\"><\/iframe><\/div>\n<\/div>\n<\/div>\n<div class=\"embed_wrapper-cont\">\n<div id=\"embed42_epigrafe\" class=\"embed_epigrafe\"><\/div>\n<\/div>\n<\/div>\n<p data-start=\"781\" data-end=\"1119\">Durante la madrugada, el gobierno venezolano inform\u00f3 la liberaci\u00f3n de 116 presos pol\u00edticos. Sin embargo, Foro Penal logr\u00f3 confirmar por ahora solo\u00a0<strong>50 nombres<\/strong>, entre los que figuran varios ciudadanos extranjeros, lo que vuelve a poner en duda la correspondencia entre los n\u00fameros anunciados y las excarcelaciones efectivamente verificadas.<\/p>\n<\/div>\n<\/div>\n<\/article>\n<article class=\"article-body par-5\">\n<div class=\"article-content\">\n<div class=\"news-body-paragraph\" data-twitter-link=\"\">\n<p data-start=\"1121\" data-end=\"1468\">En ese marco, contin\u00faa la incertidumbre por la situaci\u00f3n de otros argentinos detenidos en Venezuela. No hubo confirmaci\u00f3n sobre la liberaci\u00f3n del gendarme\u00a0<strong>Nahuel Gallo<\/strong>, arrestado el 8 de diciembre de 2024 cuando intentaba cruzar la frontera para visitar a su familia, ni del abogado\u00a0<strong>Germ\u00e1n Dar\u00edo Guiliani<\/strong>, tambi\u00e9n detenido por el r\u00e9gimen chavista.<\/p>\n<\/div>\n<\/div>\n<\/article>\n","protected":false},"excerpt":{"rendered":"<p>La\u00a0excarcelaci\u00f3n de presos pol\u00edticos en Venezuela\u00a0sum\u00f3 este lunes la confirmaci\u00f3n de la liberaci\u00f3n del argentino-israel\u00ed\u00a0Yacoov Harari, de 72 a\u00f1os, uno<\/p>\n","protected":false},"author":1,"featured_media":28648,"comment_status":"closed","ping_status":"closed","sticky":false,"template":"","format":"standard","meta":{"footnotes":"","jetpack_publicize_message":"","jetpack_publicize_feature_enabled":true,"jetpack_social_post_already_shared":true,"jetpack_social_options":{"image_generator_settings":{"template":"highway","enabled":false},"version":2}},"categories":[6],"tags":[],"class_list":["post-28647","post","type-post","status-publish","format-standard","has-post-thumbnail","hentry","category-internacionales"],"jetpack_publicize_connections":[],"_links":{"self":[{"href":"https:\/\/diariorepublica.com.ar\/web\/index.php\/wp-json\/wp\/v2\/posts\/28647"}],"collection":[{"href":"https:\/\/diariorepublica.com.ar\/web\/index.php\/wp-json\/wp\/v2\/posts"}],"about":[{"href":"https:\/\/diariorepublica.com.ar\/web\/index.php\/wp-json\/wp\/v2\/types\/post"}],"author":[{"embeddable":true,"href":"https:\/\/diariorepublica.com.ar\/web\/index.php\/wp-json\/wp\/v2\/users\/1"}],"replies":[{"embeddable":true,"href":"https:\/\/diariorepublica.com.ar\/web\/index.php\/wp-json\/wp\/v2\/comments?post=28647"}],"version-history":[{"count":1,"href":"https:\/\/diariorepublica.com.ar\/web\/index.php\/wp-json\/wp\/v2\/posts\/28647\/revisions"}],"predecessor-version":[{"id":28649,"href":"https:\/\/diariorepublica.com.ar\/web\/index.php\/wp-json\/wp\/v2\/posts\/28647\/revisions\/28649"}],"wp:featuredmedia":[{"embeddable":true,"href":"https:\/\/diariorepublica.com.ar\/web\/index.php\/wp-json\/wp\/v2\/media\/28648"}],"wp:attachment":[{"href":"https:\/\/diariorepublica.com.ar\/web\/index.php\/wp-json\/wp\/v2\/media?parent=28647"}],"wp:term":[{"taxonomy":"category","embeddable":true,"href":"https:\/\/diariorepublica.com.ar\/web\/index.php\/wp-json\/wp\/v2\/categories?post=28647"},{"taxonomy":"post_tag","embeddable":true,"href":"https:\/\/diariorepublica.com.ar\/web\/index.php\/wp-json\/wp\/v2\/tags?post=28647"}],"curies":[{"name":"wp","href":"https:\/\/api.w.org\/{rel}","templated":true}]}}