{"id":28680,"date":"2026-01-15T11:53:54","date_gmt":"2026-01-15T14:53:54","guid":{"rendered":"https:\/\/diariorepublica.com.ar\/web\/?p=28680"},"modified":"2026-01-15T11:53:55","modified_gmt":"2026-01-15T14:53:55","slug":"desde-este-jueves-eliminan-los-aranceles-para-importar-celulares","status":"publish","type":"post","link":"https:\/\/diariorepublica.com.ar\/web\/index.php\/economia\/2026\/01\/15\/desde-este-jueves-eliminan-los-aranceles-para-importar-celulares\/","title":{"rendered":"Desde este jueves, eliminan los aranceles para importar celulares"},"content":{"rendered":"<article id=\"article-post\" class=\"first\">\n<div class=\"cuerpo\" data-twitter-link=\"https:\/\/twitter.com\/intent\/tweet?url=https:\/\/www.diariopopular.com.ar\/c881062&amp;via=poopulardiario&amp;related=Popular&amp;text=\">\n<p>A partir de este jueves 15 de enero,\u00a0<strong>se eliminar\u00e1n los aranceles a las importaciones para celulares<\/strong>\u00a0y se prev\u00e9 una baja en los precios de los dispositivos.<\/p>\n<\/div>\n<\/article>\n<article id=\"article-post\">\n<div class=\"cuerpo\" data-twitter-link=\"https:\/\/twitter.com\/intent\/tweet?url=https:\/\/www.diariopopular.com.ar\/c881062&amp;via=poopulardiario&amp;related=Popular&amp;text=\">\n<p>Esta medida entra vigencia a partir del\u00a0<strong>Decreto 333\/2025<\/strong>, que estipulaba la reducci\u00f3n progresiva del arancel, el primero fue al 9,5% y ahora se elimina por completo.<\/p>\n<p>Tambi\u00e9n destacan que, a partir de esta medida,\u00a0<strong>se estimular\u00e1 la competencia<\/strong>\u00a0y se espera que haya una reducci\u00f3n del 30% del valor, de los dispositivos importados, para los consumidores. En cambio, para los celulares<strong>\u00a0producidos en Tierra del Fuego<\/strong>, la baja ser\u00eda menor, de entre un 10% y un 15%.<\/p>\n<p>\u00abLo expuesto mejorar\u00e1 las condiciones de oferta de los bienes objeto de la medida, reducir\u00e1 los precios de mercado y facilitar\u00e1, consecuentemente, el acceso de los consumidores a dichos productos, promoviendo la inclusi\u00f3n digital y el desarrollo tecnol\u00f3gico\u00bb<em>,\u00a0<\/em>expresa el decreto.<\/p>\n<p>En di\u00e1logo con<em>\u00a0LA NACION<\/em>,<strong>\u00a0Sergio Airoldi<\/strong>, CEO de Air Computers y vicepresidente de la C\u00e1mara de Mayoristas y Distribuidores de Inform\u00e1tica de la Argentina (Cadmipya), se\u00f1al\u00f3 que, a pesar de la eliminaci\u00f3n de aranceles,\u00a0<strong>Argentina seguir\u00e1 con costos altos,<\/strong>\u00a0al menos un 40% en comparaci\u00f3n con Chile, Paraguay o Estados Unidos, y advirti\u00f3: \u201c<em>Toda baja de impuestos ayuda, pero con un 9,5% de impuestos internos y un 21% de IVA todav\u00eda se deja lugar a que entre el contrabando\u00bb.<\/em><\/p>\n<p>Desde el sector de comercio exterior sostienen que la rebaja de los productos importados no alcanza para que el precio final sea inferior al de los mismos equipos fabricados en la Argentina.<\/p>\n<\/div>\n<\/article>\n","protected":false},"excerpt":{"rendered":"<p>A partir de este jueves 15 de enero,\u00a0se eliminar\u00e1n los aranceles a las importaciones para celulares\u00a0y se prev\u00e9 una baja<\/p>\n","protected":false},"author":1,"featured_media":28681,"comment_status":"closed","ping_status":"closed","sticky":false,"template":"","format":"standard","meta":{"footnotes":"","jetpack_publicize_message":"","jetpack_publicize_feature_enabled":true,"jetpack_social_post_already_shared":true,"jetpack_social_options":{"image_generator_settings":{"template":"highway","enabled":false},"version":2}},"categories":[5],"tags":[],"class_list":["post-28680","post","type-post","status-publish","format-standard","has-post-thumbnail","hentry","category-economia"],"jetpack_publicize_connections":[],"_links":{"self":[{"href":"https:\/\/diariorepublica.com.ar\/web\/index.php\/wp-json\/wp\/v2\/posts\/28680"}],"collection":[{"href":"https:\/\/diariorepublica.com.ar\/web\/index.php\/wp-json\/wp\/v2\/posts"}],"about":[{"href":"https:\/\/diariorepublica.com.ar\/web\/index.php\/wp-json\/wp\/v2\/types\/post"}],"author":[{"embeddable":true,"href":"https:\/\/diariorepublica.com.ar\/web\/index.php\/wp-json\/wp\/v2\/users\/1"}],"replies":[{"embeddable":true,"href":"https:\/\/diariorepublica.com.ar\/web\/index.php\/wp-json\/wp\/v2\/comments?post=28680"}],"version-history":[{"count":1,"href":"https:\/\/diariorepublica.com.ar\/web\/index.php\/wp-json\/wp\/v2\/posts\/28680\/revisions"}],"predecessor-version":[{"id":28682,"href":"https:\/\/diariorepublica.com.ar\/web\/index.php\/wp-json\/wp\/v2\/posts\/28680\/revisions\/28682"}],"wp:featuredmedia":[{"embeddable":true,"href":"https:\/\/diariorepublica.com.ar\/web\/index.php\/wp-json\/wp\/v2\/media\/28681"}],"wp:attachment":[{"href":"https:\/\/diariorepublica.com.ar\/web\/index.php\/wp-json\/wp\/v2\/media?parent=28680"}],"wp:term":[{"taxonomy":"category","embeddable":true,"href":"https:\/\/diariorepublica.com.ar\/web\/index.php\/wp-json\/wp\/v2\/categories?post=28680"},{"taxonomy":"post_tag","embeddable":true,"href":"https:\/\/diariorepublica.com.ar\/web\/index.php\/wp-json\/wp\/v2\/tags?post=28680"}],"curies":[{"name":"wp","href":"https:\/\/api.w.org\/{rel}","templated":true}]}}