{"id":28683,"date":"2026-01-15T11:54:52","date_gmt":"2026-01-15T14:54:52","guid":{"rendered":"https:\/\/diariorepublica.com.ar\/web\/?p=28683"},"modified":"2026-01-15T11:54:54","modified_gmt":"2026-01-15T14:54:54","slug":"una-mision-espacial-volvio-a-tierra-por-un-problema-de-salud-de-un-astronauta","status":"publish","type":"post","link":"https:\/\/diariorepublica.com.ar\/web\/index.php\/internacionales\/2026\/01\/15\/una-mision-espacial-volvio-a-tierra-por-un-problema-de-salud-de-un-astronauta\/","title":{"rendered":"Una misi\u00f3n espacial volvi\u00f3 a Tierra por un problema de salud de un astronauta"},"content":{"rendered":"<article id=\"article-post\" class=\"first\">\n<div class=\"cuerpo\" data-twitter-link=\"https:\/\/twitter.com\/intent\/tweet?url=https:\/\/www.diariopopular.com.ar\/c881241&amp;via=poopulardiario&amp;related=Popular&amp;text=\">\n<p><strong>La misi\u00f3n SpaceX Crew-11 de la NASA regres\u00f3 este jueves a la Tierra<\/strong>\u00a0de forma anticipada, despu\u00e9s de que\u00a0<strong>uno de los miembros de la tripulaci\u00f3n<\/strong>\u00a0a bordo de la Estaci\u00f3n Espacial Internacional (EEI)\u00a0<strong>present\u00f3 un problema de salud<\/strong>\u00a0la semana pasada.<\/p>\n<\/div>\n<\/article>\n<article id=\"article-post\">\n<div class=\"cuerpo\" data-twitter-link=\"https:\/\/twitter.com\/intent\/tweet?url=https:\/\/www.diariopopular.com.ar\/c881241&amp;via=poopulardiario&amp;related=Popular&amp;text=\">\n<p>Seg\u00fan un informe de Xinhua,\u00a0<strong>la c\u00e1psula Dragon de SpaceX<\/strong>, con cuatro astronautas a bordo, ameriz\u00f3 frente a la costa del estado de California sobre las 03:41 hora local, tras un viaje de aproximadamente diez horas.<\/p>\n<p title=\"__IP__\" data-ipspy=\"__IP__\">La tripulaci\u00f3n est\u00e1 formada por los astronautas\u00a0<strong>Zena Cardman y Mike Fincke, de la NASA, el japon\u00e9s Kimiya Yui,<\/strong>\u00a0de la Agencia de Exploraci\u00f3n Aeroespacial de Jap\u00f3n (JAXA), y el cosmonauta\u00a0<strong>Oleg Platonov<\/strong>, de la agencia espacial rusa Roscosmos.<\/p>\n<div id=\"embed5204_wrap\" class=\"embed_cont type_freetext\" contenteditable=\"false\" data-provider=\"Twitter\">\n<div id=\"embed5204_content\" class=\"embed_content\">\n<div id=\"embed5204_embed\">\n<div class=\"twitter-tweet twitter-tweet-rendered\"><iframe id=\"twitter-widget-0\" class=\"\" title=\"X Post\" src=\"https:\/\/platform.twitter.com\/embed\/Tweet.html?creatorScreenName=diariopopular&amp;dnt=false&amp;embedId=twitter-widget-0&amp;features=eyJ0ZndfdGltZWxpbmVfbGlzdCI6eyJidWNrZXQiOltdLCJ2ZXJzaW9uIjpudWxsfSwidGZ3X2ZvbGxvd2VyX2NvdW50X3N1bnNldCI6eyJidWNrZXQiOnRydWUsInZlcnNpb24iOm51bGx9LCJ0ZndfdHdlZXRfZWRpdF9iYWNrZW5kIjp7ImJ1Y2tldCI6Im9uIiwidmVyc2lvbiI6bnVsbH0sInRmd19yZWZzcmNfc2Vzc2lvbiI6eyJidWNrZXQiOiJvbiIsInZlcnNpb24iOm51bGx9LCJ0ZndfZm9zbnJfc29mdF9pbnRlcnZlbnRpb25zX2VuYWJsZWQiOnsiYnVja2V0Ijoib24iLCJ2ZXJzaW9uIjpudWxsfSwidGZ3X21peGVkX21lZGlhXzE1ODk3Ijp7ImJ1Y2tldCI6InRyZWF0bWVudCIsInZlcnNpb24iOm51bGx9LCJ0ZndfZXhwZXJpbWVudHNfY29va2llX2V4cGlyYXRpb24iOnsiYnVja2V0IjoxMjA5NjAwLCJ2ZXJzaW9uIjpudWxsfSwidGZ3X3Nob3dfYmlyZHdhdGNoX3Bpdm90c19lbmFibGVkIjp7ImJ1Y2tldCI6Im9uIiwidmVyc2lvbiI6bnVsbH0sInRmd19kdXBsaWNhdGVfc2NyaWJlc190b19zZXR0aW5ncyI6eyJidWNrZXQiOiJvbiIsInZlcnNpb24iOm51bGx9LCJ0ZndfdXNlX3Byb2ZpbGVfaW1hZ2Vfc2hhcGVfZW5hYmxlZCI6eyJidWNrZXQiOiJvbiIsInZlcnNpb24iOm51bGx9LCJ0ZndfdmlkZW9faGxzX2R5bmFtaWNfbWFuaWZlc3RzXzE1MDgyIjp7ImJ1Y2tldCI6InRydWVfYml0cmF0ZSIsInZlcnNpb24iOm51bGx9LCJ0ZndfbGVnYWN5X3RpbWVsaW5lX3N1bnNldCI6eyJidWNrZXQiOnRydWUsInZlcnNpb24iOm51bGx9LCJ0ZndfdHdlZXRfZWRpdF9mcm9udGVuZCI6eyJidWNrZXQiOiJvbiIsInZlcnNpb24iOm51bGx9fQ%3D%3D&amp;frame=false&amp;hideCard=false&amp;hideThread=false&amp;id=2011723553658585476&amp;lang=en&amp;origin=https%3A%2F%2Fwww.diariopopular.com.ar%2Fgeneral%2Funa-mision-espacial-volvio-tierra-un-problema-salud-un-astronauta-n881241&amp;sessionId=0f5e4c6af25a5398b563fcd6b27a3c50d4565ade&amp;siteScreenName=diariopopular&amp;theme=light&amp;widgetsVersion=2615f7e52b7e0%3A1702314776716&amp;width=550px\" frameborder=\"0\" scrolling=\"no\" allowfullscreen=\"allowfullscreen\" data-tweet-id=\"2011723553658585476\" data-gtm-yt-inspected-8=\"true\" data-mce-fragment=\"1\"><\/iframe><\/div>\n<\/div>\n<\/div>\n<div id=\"embed5204_epigrafe\" class=\"embed_epigrafe\"><\/div>\n<div id=\"embed5204_copyright\" class=\"embed_copyright\"><\/div>\n<\/div>\n<p>Los cuatro astronautas volv\u00edan a la Tierra despu\u00e9s de un viaje de casi once horas y de permanecer 165 d\u00edas en el laboratorio orbital y 167 en el espacio.<\/p>\n<p>Con la ayuda de cuatro paraca\u00eddas, la c\u00e1psula logr\u00f3 desacelerar y amerizar de manera segura en un oc\u00e9ano especialmente calmado en el que los buques de recuperaci\u00f3n esperaban para asegurar la Dragon y\u00a0<strong>trasladar a los astronautas a tierra firme<\/strong>, entre ellos, al tripulante enfermo, que se encuentra estable, y al que\u00a0<strong>la NASA no ha identificado por motivos de privacidad<\/strong>.<\/p>\n<p>Despu\u00e9s de aterrizar exactamente a la hora prevista y de realizar lo que seg\u00fan la NASA fue \u00abuna reentrada perfecta\u00bb, la tripulaci\u00f3n permaneci\u00f3 en la c\u00e1psula, que fue recuperada y trasladada a un buque por los miembros del equipo de recuperaci\u00f3n, donde a los astronautas se les har\u00e1 un\u00a0<strong>examen m\u00e9dico inicial<\/strong>\u00a0antes de ser trasladados a tierra en helic\u00f3ptero.<\/p>\n<p>Todo el proceso, que incluso fue\u00a0<strong>seguido de cerca por un grupo de delfines<\/strong>, se realiz\u00f3 con unas condiciones marinas \u00abexcelentes\u00bb que facilitaron el trabajo de los operarios de la NASA.<\/p>\n<p>Unos cuarenta minutos despu\u00e9s de amerizar, se abr\u00edan las puertas de la c\u00e1psula y sal\u00edan los astronautas. El primero en hacerlo, a las 9:28 GMT (6:28 de la Argentina), fue el comandante Mike Fincke, quien tras saludar fue trasladado en camilla. Minutos despu\u00e9s le segu\u00edan Zena Cardman, Kimiya Yui y Oleg Platonov.<\/p>\n<p>Si todo sigue como est\u00e1 previsto, en pocas horas el administrador de la NASA, Jared Isaacman, comparecer\u00e1 en una rueda de prensa en la que se espera que den m\u00e1s detalles sobre el estado del astronauta enfermo y del resto de la tripulaci\u00f3n.<\/p>\n<p>Los astronautas llegaron a la EEI el pasado 2 de agosto y, originalmente, estaba previsto que permanecieran en la estaci\u00f3n orbital durante unos seis meses, pero la NASA decidi\u00f3 concluir la misi\u00f3n antes de lo previsto despu\u00e9s de que uno de los astronautas sufri\u00f3 un problema m\u00e9dico el 7 de enero.<\/p>\n<p>La evacuaci\u00f3n m\u00e9dica de la\u00a0<strong>misi\u00f3n Crew-11\u00a0<\/strong>marca un punto de inflexi\u00f3n en la gesti\u00f3n del riesgo humano en \u00f3rbita y expone c\u00f3mo se activan los protocolos cuando la prioridad absoluta pasa a ser la salud del astronauta.<\/p>\n<\/div>\n<\/article>\n","protected":false},"excerpt":{"rendered":"<p>La misi\u00f3n SpaceX Crew-11 de la NASA regres\u00f3 este jueves a la Tierra\u00a0de forma anticipada, despu\u00e9s de que\u00a0uno de los<\/p>\n","protected":false},"author":1,"featured_media":28684,"comment_status":"closed","ping_status":"closed","sticky":false,"template":"","format":"standard","meta":{"footnotes":"","jetpack_publicize_message":"","jetpack_publicize_feature_enabled":true,"jetpack_social_post_already_shared":true,"jetpack_social_options":{"image_generator_settings":{"template":"highway","enabled":false},"version":2}},"categories":[6],"tags":[],"class_list":["post-28683","post","type-post","status-publish","format-standard","has-post-thumbnail","hentry","category-internacionales"],"jetpack_publicize_connections":[],"_links":{"self":[{"href":"https:\/\/diariorepublica.com.ar\/web\/index.php\/wp-json\/wp\/v2\/posts\/28683"}],"collection":[{"href":"https:\/\/diariorepublica.com.ar\/web\/index.php\/wp-json\/wp\/v2\/posts"}],"about":[{"href":"https:\/\/diariorepublica.com.ar\/web\/index.php\/wp-json\/wp\/v2\/types\/post"}],"author":[{"embeddable":true,"href":"https:\/\/diariorepublica.com.ar\/web\/index.php\/wp-json\/wp\/v2\/users\/1"}],"replies":[{"embeddable":true,"href":"https:\/\/diariorepublica.com.ar\/web\/index.php\/wp-json\/wp\/v2\/comments?post=28683"}],"version-history":[{"count":1,"href":"https:\/\/diariorepublica.com.ar\/web\/index.php\/wp-json\/wp\/v2\/posts\/28683\/revisions"}],"predecessor-version":[{"id":28685,"href":"https:\/\/diariorepublica.com.ar\/web\/index.php\/wp-json\/wp\/v2\/posts\/28683\/revisions\/28685"}],"wp:featuredmedia":[{"embeddable":true,"href":"https:\/\/diariorepublica.com.ar\/web\/index.php\/wp-json\/wp\/v2\/media\/28684"}],"wp:attachment":[{"href":"https:\/\/diariorepublica.com.ar\/web\/index.php\/wp-json\/wp\/v2\/media?parent=28683"}],"wp:term":[{"taxonomy":"category","embeddable":true,"href":"https:\/\/diariorepublica.com.ar\/web\/index.php\/wp-json\/wp\/v2\/categories?post=28683"},{"taxonomy":"post_tag","embeddable":true,"href":"https:\/\/diariorepublica.com.ar\/web\/index.php\/wp-json\/wp\/v2\/tags?post=28683"}],"curies":[{"name":"wp","href":"https:\/\/api.w.org\/{rel}","templated":true}]}}