{"id":28686,"date":"2026-01-15T11:56:07","date_gmt":"2026-01-15T14:56:07","guid":{"rendered":"https:\/\/diariorepublica.com.ar\/web\/?p=28686"},"modified":"2026-01-15T11:56:09","modified_gmt":"2026-01-15T14:56:09","slug":"reunion-de-emergencia-en-la-onu-para-tratar-la-situacion-de-iran","status":"publish","type":"post","link":"https:\/\/diariorepublica.com.ar\/web\/index.php\/internacionales\/2026\/01\/15\/reunion-de-emergencia-en-la-onu-para-tratar-la-situacion-de-iran\/","title":{"rendered":"Reuni\u00f3n de emergencia en la ONU para tratar la situaci\u00f3n de Ir\u00e1n"},"content":{"rendered":"<article id=\"article-post\" class=\"first\">\n<div class=\"cuerpo\" data-twitter-link=\"https:\/\/twitter.com\/intent\/tweet?url=https:\/\/www.diariopopular.com.ar\/c881226&amp;via=poopulardiario&amp;related=Popular&amp;text=\">\n<p><strong>El Consejo de Seguridad de Naciones Unidas se reunir\u00e1 este jueves de urgencia para abordar la situaci\u00f3n en Ir\u00e1n<\/strong>, tras una oleada de protestas contra las autoridades que, seg\u00fan activistas, se han saldado con miles de muertos y decenas de miles de detenidos.<\/p>\n<\/div>\n<\/article>\n<article id=\"article-post\">\n<div class=\"cuerpo\" data-twitter-link=\"https:\/\/twitter.com\/intent\/tweet?url=https:\/\/www.diariopopular.com.ar\/c881226&amp;via=poopulardiario&amp;related=Popular&amp;text=\">\n<p class=\"\" data-mrf-recirculation=\"Links inline\"><strong>El encuentro del grupo de 15 pa\u00edses est\u00e1 previsto a las 15.00 horas<\/strong>\u00a0(hora de Nueva York), seg\u00fan anunci\u00f3 la Portavoc\u00eda del secretario general de la ONU,\u00a0<strong>Ant\u00f3nio Guterres.<\/strong>\u00a0La reuni\u00f3n se produce\u00a0<strong>a petici\u00f3n de Estados Unidos<\/strong>, mientras la atenci\u00f3n global se centra en la represi\u00f3n de las movilizaciones en Ir\u00e1n.<\/p>\n<p>La ONU\u00a0<strong>expres\u00f3 este mi\u00e9rcoles su profunda preocupaci\u00f3n ante las cifras de fallecidos durante las protestas en Ir\u00e1n, estimadas entre 2,000 y 12,000 personas, calific\u00e1ndolas como \u201chorribles\u201d.<\/strong>\u00a0Aunque el organismo no cuenta con una cifra oficial, reconoci\u00f3 la gravedad de la situaci\u00f3n y urgi\u00f3 a Teher\u00e1n a respetar el derecho a la protesta pac\u00edfica.<\/p>\n<p>Durante una conferencia de prensa, el portavoz del secretario general Ant\u00f3nio Guterres, St\u00e9phane Dujarric, asegur\u00f3 que las im\u00e1genes de violencia y represi\u00f3n difundidas desde Ir\u00e1n han generado alarma en el seno del organismo internacional.<\/p>\n<p>\u201cInstamos nuevamente a las autoridades iran\u00edes a permitir que la gente proteste pac\u00edficamente y a proteger ese derecho\u201d, declar\u00f3 el vocero desde la sede de la ONU en Nueva York.<\/p>\n<p><strong>Dujarric explic\u00f3 que Naciones Unidas no tiene presencia directa en el terreno en materia de derechos humanos, lo que limita su capacidad de verificaci\u00f3n. Actualmente, su personal en Ir\u00e1n \u2014integrado por 46 funcionarios internacionales y m\u00e1s de 400 nacionales\u2014 est\u00e1 enfocado en tareas humanitarias y de desarrollo.<\/strong><\/p>\n<p>El presidente de Estados Unidos,\u00a0<strong>Donald Trump<\/strong>, afirm\u00f3 este mi\u00e9rcoles que la represi\u00f3n violenta del r\u00e9gimen iran\u00ed contra las protestas multitudinarias \u201cparece estar disminuyendo\u201d y que Teher\u00e1n habr\u00eda decidido no avanzar con ejecuciones de manifestantes. \u201cHan dicho que los asesinatos han cesado y que las ejecuciones no se llevar\u00e1n a cabo y vamos a averiguarlo\u201d, se\u00f1al\u00f3 el mandatario.<\/p>\n<p>En paralelo,\u00a0<strong>el r\u00e9gimen iran\u00ed cerr\u00f3 su espacio a\u00e9reo durante casi cinco horas en la noche, en medio de preocupaciones por una posible acci\u00f3n militar de Estados Unidos<\/strong>. La medida oblig\u00f3 a aerol\u00edneas a cancelar, desviar o retrasar vuelos, de acuerdo con reportes del sector aeron\u00e1utico.<\/p>\n<p>Adem\u00e1s,<strong>\u00a0Teher\u00e1n amenaz\u00f3 con lanzar ataques contra bases militares de Estados Unidos y de sus aliados en Medio Oriente si Washington interviene en apoyo a las protestas<\/strong>. En ese marco, surgieron reportes diplom\u00e1ticos sobre la evacuaci\u00f3n preventiva de personal estadounidense de la base a\u00e9rea Al Udeid, en Qatar.<\/p>\n<p>La tensi\u00f3n externa coincidi\u00f3 con un endurecimiento de la represi\u00f3n interna. El jefe del Poder Judicial iran\u00ed, Gholamhosein Mohseni Ejei, anunci\u00f3 la puesta en marcha de juicios \u201cr\u00e1pidos\u201d contra los detenidos por delitos de moharebeh o \u201cguerra contra Dios\u201d. Mientras<strong>\u00a0el r\u00e9gimen reconoci\u00f3 por primera vez una cifra global de 2.000 muertos durante los disturbios, organismos independientes como HRANA elevaron el conteo a 2.571 fallecidos verificados y denunciaron que m\u00e1s de 10.000 personas permanecen bajo custodia<\/strong>.<\/p>\n<\/div>\n<\/article>\n","protected":false},"excerpt":{"rendered":"<p>El Consejo de Seguridad de Naciones Unidas se reunir\u00e1 este jueves de urgencia para abordar la situaci\u00f3n en Ir\u00e1n, tras<\/p>\n","protected":false},"author":1,"featured_media":28687,"comment_status":"closed","ping_status":"closed","sticky":false,"template":"","format":"standard","meta":{"footnotes":"","jetpack_publicize_message":"","jetpack_publicize_feature_enabled":true,"jetpack_social_post_already_shared":true,"jetpack_social_options":{"image_generator_settings":{"template":"highway","enabled":false},"version":2}},"categories":[6],"tags":[],"class_list":["post-28686","post","type-post","status-publish","format-standard","has-post-thumbnail","hentry","category-internacionales"],"jetpack_publicize_connections":[],"_links":{"self":[{"href":"https:\/\/diariorepublica.com.ar\/web\/index.php\/wp-json\/wp\/v2\/posts\/28686"}],"collection":[{"href":"https:\/\/diariorepublica.com.ar\/web\/index.php\/wp-json\/wp\/v2\/posts"}],"about":[{"href":"https:\/\/diariorepublica.com.ar\/web\/index.php\/wp-json\/wp\/v2\/types\/post"}],"author":[{"embeddable":true,"href":"https:\/\/diariorepublica.com.ar\/web\/index.php\/wp-json\/wp\/v2\/users\/1"}],"replies":[{"embeddable":true,"href":"https:\/\/diariorepublica.com.ar\/web\/index.php\/wp-json\/wp\/v2\/comments?post=28686"}],"version-history":[{"count":1,"href":"https:\/\/diariorepublica.com.ar\/web\/index.php\/wp-json\/wp\/v2\/posts\/28686\/revisions"}],"predecessor-version":[{"id":28688,"href":"https:\/\/diariorepublica.com.ar\/web\/index.php\/wp-json\/wp\/v2\/posts\/28686\/revisions\/28688"}],"wp:featuredmedia":[{"embeddable":true,"href":"https:\/\/diariorepublica.com.ar\/web\/index.php\/wp-json\/wp\/v2\/media\/28687"}],"wp:attachment":[{"href":"https:\/\/diariorepublica.com.ar\/web\/index.php\/wp-json\/wp\/v2\/media?parent=28686"}],"wp:term":[{"taxonomy":"category","embeddable":true,"href":"https:\/\/diariorepublica.com.ar\/web\/index.php\/wp-json\/wp\/v2\/categories?post=28686"},{"taxonomy":"post_tag","embeddable":true,"href":"https:\/\/diariorepublica.com.ar\/web\/index.php\/wp-json\/wp\/v2\/tags?post=28686"}],"curies":[{"name":"wp","href":"https:\/\/api.w.org\/{rel}","templated":true}]}}