{"id":28689,"date":"2026-01-15T07:57:00","date_gmt":"2026-01-15T10:57:00","guid":{"rendered":"https:\/\/diariorepublica.com.ar\/web\/?p=28689"},"modified":"2026-01-15T11:58:39","modified_gmt":"2026-01-15T14:58:39","slug":"san-lorenzo-perdio-1-a-0-un-amistoso-con-deportivo-cucuta","status":"publish","type":"post","link":"https:\/\/diariorepublica.com.ar\/web\/index.php\/deportes\/2026\/01\/15\/san-lorenzo-perdio-1-a-0-un-amistoso-con-deportivo-cucuta\/","title":{"rendered":"San Lorenzo perdi\u00f3 1 a 0 un amistoso con Deportivo C\u00facuta"},"content":{"rendered":"<article id=\"article-post\" class=\"first\">\n<div class=\"cuerpo\" data-twitter-link=\"https:\/\/twitter.com\/intent\/tweet?url=https:\/\/www.diariopopular.com.ar\/c881211&amp;via=poopulardiario&amp;related=Popular&amp;text=\">\n<p><strong>San Lorenzo perdi\u00f3 1 a 0 frente a C\u00facuta Deportivo en un amistoso disputado en Uruguay<\/strong>\u00a0que signific\u00f3 su primera prueba de cara a la temporada 2026 donde tendr\u00e1 a la Copa Sudamericana como gran atractivo. El equipo de Dami\u00e1n Ayude disput\u00f3 un buen partido pero le falt\u00f3 contundencia, un problema recurrente en los \u00faltimos a\u00f1os.<\/p>\n<\/div>\n<\/article>\n<article id=\"article-post\">\n<div class=\"cuerpo\" data-twitter-link=\"https:\/\/twitter.com\/intent\/tweet?url=https:\/\/www.diariopopular.com.ar\/c881211&amp;via=poopulardiario&amp;related=Popular&amp;text=\">\n<p><strong>San Lorenzo control\u00f3 el partido en el primer tiempo pero sin lograr profundidad<\/strong>, con un dominio m\u00e1s posicional que punzante, con escasas situaciones claras frente al arco rival y que termin\u00f3 0 a 0 yendo al descanso.\u00a0<strong>Con Jhohan Roma\u00f1a (del inter\u00e9s de River) y Alexis Cuello (del gusto de Boca) desde el arranque\u00a0<\/strong>y sin El\u00edas B\u00e1ez que est\u00e1 muy cerca de ser transferido a la MLS, Ayude puso lo mejor disponible.<\/p>\n<p>En el complemento, el partido perdi\u00f3 ritmo por la gran cantidad de cambios, Ayude aprovech\u00f3 para rotar casi todo el plantel, mientras que\u00a0<strong>C\u00facuta tambi\u00e9n movi\u00f3 el banco y encontr\u00f3 la diferencia<\/strong>. Un centro de Chichi Peralta termin\u00f3 en el\u00a0<strong>gol de Luifer Hern\u00e1ndez, que apareci\u00f3 solo por el medio del \u00e1rea ante una defensa desordenada<\/strong>. San Lorenzo empuj\u00f3 hasta el final con remates de Rattalino y Salinardi, pero el arquero Federico Abad\u00eda sostuvo la ventaja.<\/p>\n<p><strong>El jugador m\u00e1s desequilibrante del Cicl\u00f3n fue Mat\u00edas Reali, que a los pocos minutos reclam\u00f3 un penal por un claro pisot\u00f3n hac\u00eda \u00e9l que no fue sancionado en un partido sin VAR.\u00a0<\/strong>Adem\u00e1s, intent\u00f3 desde media distancia, al igual que Facundo Gulli, cuyo tiro libre pas\u00f3 cerca del travesa\u00f1o en una de las pocas aproximaciones claras. Mientras que en el lateral izquierdo tuvo su oportunidad Teo Rodr\u00edguez Pagano, que cumpli\u00f3 con proyecci\u00f3n criteriosa y solidez defensiva.<\/p>\n<p><strong>San Lorenzo continuar\u00e1 su preparaci\u00f3n para la temporada 2026 con un nuevo amistoso con Cerro Porte\u00f1o<\/strong>, a disputarse este s\u00e1bado desde las 20 tambi\u00e9n en el pa\u00eds vecino.<\/p>\n<h2>El resumen de la derrota de San Lorenzo con Deportivo C\u00facuta<\/h2>\n<div id=\"embed37_wrap\" class=\"embed_cont type_freetext\" contenteditable=\"false\">\n<div id=\"embed37_content\" class=\"embed_content\">\n<div id=\"embed37_embed\"><iframe loading=\"lazy\" title=\"EL CICL\u00d3N CAY\u00d3 ANTE C\u00daCUTA EN SU PRIMER PARTIDO DEL 2026 | C\u00facuta 1-0 San Lorenzo | RESUMEN\" src=\"https:\/\/www.youtube.com\/embed\/NFgVdMnqe-k\" width=\"839\" height=\"472\" frameborder=\"0\" allowfullscreen=\"allowfullscreen\" data-gtm-yt-inspected-14=\"true\" data-mce-fragment=\"1\"><\/iframe><\/div>\n<\/div>\n<div id=\"embed37_epigrafe\" class=\"embed_epigrafe\"><\/div>\n<\/div>\n<\/div>\n<\/article>\n","protected":false},"excerpt":{"rendered":"<p>San Lorenzo perdi\u00f3 1 a 0 frente a C\u00facuta Deportivo en un amistoso disputado en Uruguay\u00a0que signific\u00f3 su primera prueba<\/p>\n","protected":false},"author":1,"featured_media":28690,"comment_status":"closed","ping_status":"closed","sticky":false,"template":"","format":"standard","meta":{"footnotes":"","jetpack_publicize_message":"","jetpack_publicize_feature_enabled":true,"jetpack_social_post_already_shared":true,"jetpack_social_options":{"image_generator_settings":{"template":"highway","enabled":false},"version":2}},"categories":[9],"tags":[],"class_list":["post-28689","post","type-post","status-publish","format-standard","has-post-thumbnail","hentry","category-deportes"],"jetpack_publicize_connections":[],"_links":{"self":[{"href":"https:\/\/diariorepublica.com.ar\/web\/index.php\/wp-json\/wp\/v2\/posts\/28689"}],"collection":[{"href":"https:\/\/diariorepublica.com.ar\/web\/index.php\/wp-json\/wp\/v2\/posts"}],"about":[{"href":"https:\/\/diariorepublica.com.ar\/web\/index.php\/wp-json\/wp\/v2\/types\/post"}],"author":[{"embeddable":true,"href":"https:\/\/diariorepublica.com.ar\/web\/index.php\/wp-json\/wp\/v2\/users\/1"}],"replies":[{"embeddable":true,"href":"https:\/\/diariorepublica.com.ar\/web\/index.php\/wp-json\/wp\/v2\/comments?post=28689"}],"version-history":[{"count":1,"href":"https:\/\/diariorepublica.com.ar\/web\/index.php\/wp-json\/wp\/v2\/posts\/28689\/revisions"}],"predecessor-version":[{"id":28691,"href":"https:\/\/diariorepublica.com.ar\/web\/index.php\/wp-json\/wp\/v2\/posts\/28689\/revisions\/28691"}],"wp:featuredmedia":[{"embeddable":true,"href":"https:\/\/diariorepublica.com.ar\/web\/index.php\/wp-json\/wp\/v2\/media\/28690"}],"wp:attachment":[{"href":"https:\/\/diariorepublica.com.ar\/web\/index.php\/wp-json\/wp\/v2\/media?parent=28689"}],"wp:term":[{"taxonomy":"category","embeddable":true,"href":"https:\/\/diariorepublica.com.ar\/web\/index.php\/wp-json\/wp\/v2\/categories?post=28689"},{"taxonomy":"post_tag","embeddable":true,"href":"https:\/\/diariorepublica.com.ar\/web\/index.php\/wp-json\/wp\/v2\/tags?post=28689"}],"curies":[{"name":"wp","href":"https:\/\/api.w.org\/{rel}","templated":true}]}}