{"id":28692,"date":"2026-01-15T08:58:00","date_gmt":"2026-01-15T11:58:00","guid":{"rendered":"https:\/\/diariorepublica.com.ar\/web\/?p=28692"},"modified":"2026-01-15T11:59:34","modified_gmt":"2026-01-15T14:59:34","slug":"leandro-paredes-y-radamel-falcao-recibieron-la-copa-miguel-angel-russo","status":"publish","type":"post","link":"https:\/\/diariorepublica.com.ar\/web\/index.php\/deportes\/2026\/01\/15\/leandro-paredes-y-radamel-falcao-recibieron-la-copa-miguel-angel-russo\/","title":{"rendered":"Leandro Paredes y Radamel Falcao recibieron la Copa Miguel \u00c1ngel Russo"},"content":{"rendered":"<article id=\"article-post\" class=\"first\">\n<div class=\"cuerpo\" data-twitter-link=\"https:\/\/twitter.com\/intent\/tweet?url=https:\/\/www.diariopopular.com.ar\/c881163&amp;via=poopulardiario&amp;related=Popular&amp;text=\">\n<p><strong>Boca y Millonarios de Colombia empataron 0 a 0 este mi\u00e9rcoles en La Bombonera en la disputa de la Copa Miguel \u00c1ngel Russo,<\/strong>\u00a0un nuevo amistoso internacional en honor al gran entrenador que dej\u00f3 una gran huella en ambas instituciones.\u00a0<strong>Los dos clubes fueron reconocidos con un trofeo cada uno que recibieron los capitanes Leandro Paredes y Radamel Falcao<\/strong>, quienes tambi\u00e9n intercambiaron camisetas de los equipos.<\/p>\n<\/div>\n<\/article>\n<article id=\"article-post\">\n<div class=\"cuerpo\" data-twitter-link=\"https:\/\/twitter.com\/intent\/tweet?url=https:\/\/www.diariopopular.com.ar\/c881163&amp;via=poopulardiario&amp;related=Popular&amp;text=\">\n<p><strong>Marcelo \u00abChelo\u00bb Delgado, encargado del f\u00fatbol del club azul y oro, le entreg\u00f3 el trofeo a Falcao y Paredes,<\/strong>\u00a0quienes posaron juntos para las c\u00e1maras ante el aplauso de los futbolistas de los dos equipos. A diferencia del Tigre, que no fue dirigido por \u00e9l, Paredes tuvo un gran v\u00ednculo con Russo, el DT con el que volvi\u00f3 a la instituci\u00f3n.<\/p>\n<p><strong>Russo es uno de los entrenadores m\u00e1s importantes de la historia de Boca<\/strong>, habiendo ganado la Primera Divisi\u00f3n 2019-20, la Copa de la Liga 2020 y\u00a0<strong>la inolvidable Copa Libertadores 2007<\/strong>. Adem\u00e1s, es uno de los pocos que tuvo tres ciclos en la instituci\u00f3n y fue el m\u00e1s longevo en conducir los rumbos del equipo.<\/p>\n<p>Por su parte,\u00a0<strong>Russo dej\u00f3 una gran huella en Millonarios de Colombia, donde fue diagnosticado con c\u00e1ncer y lo dirigi\u00f3 pese a la enfermedad inclusive logrando dos t\u00edtulos<\/strong>: Primera Divisi\u00f3n 2017 y Superliga de Colombia 2018. El entrenador entr\u00f3 en el coraz\u00f3n de todos los hinchas.<\/p>\n<p><strong>Juan Rom\u00e1n Riquelme anunci\u00f3 que la Copa Miguel \u00c1ngel Russo se disputar\u00e1 todos los a\u00f1os<\/strong>\u00a0en enero para homenajear eternamente al entrenador que es muy querido por ambas instituciones.<\/p>\n<div id=\"embed34_wrap\" class=\"embed_cont type_freetext\" contenteditable=\"false\">\n<div id=\"embed34_content\" class=\"embed_content\">\n<div id=\"embed34_embed\">\n<div class=\"twitter-tweet twitter-tweet-rendered\"><iframe id=\"twitter-widget-0\" class=\"\" title=\"X Post\" src=\"https:\/\/platform.twitter.com\/embed\/Tweet.html?creatorScreenName=diariopopular&amp;dnt=false&amp;embedId=twitter-widget-0&amp;features=eyJ0ZndfdGltZWxpbmVfbGlzdCI6eyJidWNrZXQiOltdLCJ2ZXJzaW9uIjpudWxsfSwidGZ3X2ZvbGxvd2VyX2NvdW50X3N1bnNldCI6eyJidWNrZXQiOnRydWUsInZlcnNpb24iOm51bGx9LCJ0ZndfdHdlZXRfZWRpdF9iYWNrZW5kIjp7ImJ1Y2tldCI6Im9uIiwidmVyc2lvbiI6bnVsbH0sInRmd19yZWZzcmNfc2Vzc2lvbiI6eyJidWNrZXQiOiJvbiIsInZlcnNpb24iOm51bGx9LCJ0ZndfZm9zbnJfc29mdF9pbnRlcnZlbnRpb25zX2VuYWJsZWQiOnsiYnVja2V0Ijoib24iLCJ2ZXJzaW9uIjpudWxsfSwidGZ3X21peGVkX21lZGlhXzE1ODk3Ijp7ImJ1Y2tldCI6InRyZWF0bWVudCIsInZlcnNpb24iOm51bGx9LCJ0ZndfZXhwZXJpbWVudHNfY29va2llX2V4cGlyYXRpb24iOnsiYnVja2V0IjoxMjA5NjAwLCJ2ZXJzaW9uIjpudWxsfSwidGZ3X3Nob3dfYmlyZHdhdGNoX3Bpdm90c19lbmFibGVkIjp7ImJ1Y2tldCI6Im9uIiwidmVyc2lvbiI6bnVsbH0sInRmd19kdXBsaWNhdGVfc2NyaWJlc190b19zZXR0aW5ncyI6eyJidWNrZXQiOiJvbiIsInZlcnNpb24iOm51bGx9LCJ0ZndfdXNlX3Byb2ZpbGVfaW1hZ2Vfc2hhcGVfZW5hYmxlZCI6eyJidWNrZXQiOiJvbiIsInZlcnNpb24iOm51bGx9LCJ0ZndfdmlkZW9faGxzX2R5bmFtaWNfbWFuaWZlc3RzXzE1MDgyIjp7ImJ1Y2tldCI6InRydWVfYml0cmF0ZSIsInZlcnNpb24iOm51bGx9LCJ0ZndfbGVnYWN5X3RpbWVsaW5lX3N1bnNldCI6eyJidWNrZXQiOnRydWUsInZlcnNpb24iOm51bGx9LCJ0ZndfdHdlZXRfZWRpdF9mcm9udGVuZCI6eyJidWNrZXQiOiJvbiIsInZlcnNpb24iOm51bGx9fQ%3D%3D&amp;frame=false&amp;hideCard=false&amp;hideThread=false&amp;id=2011591574077993217&amp;lang=en&amp;origin=https%3A%2F%2Fwww.diariopopular.com.ar%2Ffutbol%2Fboca-0-0-millonarios-leandro-paredes-y-radamel-falcao-recibieron-la-copa-miguel-angel-russo-n881163&amp;sessionId=6dc896a239c60a2a6586dc2be620960b290f18c0&amp;siteScreenName=diariopopular&amp;theme=light&amp;widgetsVersion=2615f7e52b7e0%3A1702314776716&amp;width=550px\" frameborder=\"0\" scrolling=\"no\" allowfullscreen=\"allowfullscreen\" data-tweet-id=\"2011591574077993217\" data-gtm-yt-inspected-8=\"true\" data-mce-fragment=\"1\"><\/iframe><\/div>\n<\/div>\n<\/div>\n<div id=\"embed34_epigrafe\" class=\"embed_epigrafe\"><\/div>\n<\/div>\n<\/div>\n<\/article>\n","protected":false},"excerpt":{"rendered":"<p>Boca y Millonarios de Colombia empataron 0 a 0 este mi\u00e9rcoles en La Bombonera en la disputa de la Copa<\/p>\n","protected":false},"author":1,"featured_media":28693,"comment_status":"closed","ping_status":"closed","sticky":false,"template":"","format":"standard","meta":{"footnotes":"","jetpack_publicize_message":"","jetpack_publicize_feature_enabled":true,"jetpack_social_post_already_shared":true,"jetpack_social_options":{"image_generator_settings":{"template":"highway","enabled":false},"version":2}},"categories":[9],"tags":[],"class_list":["post-28692","post","type-post","status-publish","format-standard","has-post-thumbnail","hentry","category-deportes"],"jetpack_publicize_connections":[],"_links":{"self":[{"href":"https:\/\/diariorepublica.com.ar\/web\/index.php\/wp-json\/wp\/v2\/posts\/28692"}],"collection":[{"href":"https:\/\/diariorepublica.com.ar\/web\/index.php\/wp-json\/wp\/v2\/posts"}],"about":[{"href":"https:\/\/diariorepublica.com.ar\/web\/index.php\/wp-json\/wp\/v2\/types\/post"}],"author":[{"embeddable":true,"href":"https:\/\/diariorepublica.com.ar\/web\/index.php\/wp-json\/wp\/v2\/users\/1"}],"replies":[{"embeddable":true,"href":"https:\/\/diariorepublica.com.ar\/web\/index.php\/wp-json\/wp\/v2\/comments?post=28692"}],"version-history":[{"count":1,"href":"https:\/\/diariorepublica.com.ar\/web\/index.php\/wp-json\/wp\/v2\/posts\/28692\/revisions"}],"predecessor-version":[{"id":28694,"href":"https:\/\/diariorepublica.com.ar\/web\/index.php\/wp-json\/wp\/v2\/posts\/28692\/revisions\/28694"}],"wp:featuredmedia":[{"embeddable":true,"href":"https:\/\/diariorepublica.com.ar\/web\/index.php\/wp-json\/wp\/v2\/media\/28693"}],"wp:attachment":[{"href":"https:\/\/diariorepublica.com.ar\/web\/index.php\/wp-json\/wp\/v2\/media?parent=28692"}],"wp:term":[{"taxonomy":"category","embeddable":true,"href":"https:\/\/diariorepublica.com.ar\/web\/index.php\/wp-json\/wp\/v2\/categories?post=28692"},{"taxonomy":"post_tag","embeddable":true,"href":"https:\/\/diariorepublica.com.ar\/web\/index.php\/wp-json\/wp\/v2\/tags?post=28692"}],"curies":[{"name":"wp","href":"https:\/\/api.w.org\/{rel}","templated":true}]}}