{"id":28695,"date":"2026-01-15T18:01:00","date_gmt":"2026-01-15T21:01:00","guid":{"rendered":"https:\/\/diariorepublica.com.ar\/web\/?p=28695"},"modified":"2026-01-15T12:03:31","modified_gmt":"2026-01-15T15:03:31","slug":"cortes-programados-del-servicio-electrico-para-este-viernes","status":"publish","type":"post","link":"https:\/\/diariorepublica.com.ar\/web\/index.php\/locales\/2026\/01\/15\/cortes-programados-del-servicio-electrico-para-este-viernes\/","title":{"rendered":"Cortes programados del servicio el\u00e9ctrico para este viernes"},"content":{"rendered":"<p><strong class=\"bajada\">La empresa Energ\u00eda de Catamarca SAPEM (EC SAPEM) inform\u00f3 que este viernes se realizar\u00e1n cortes programados del suministro el\u00e9ctrico en varios sectores de la provincia, como parte de trabajos de mantenimiento general y mejoras en el sistema de distribuci\u00f3n.<\/strong><\/p>\n<p>Desde la compa\u00f1\u00eda explicaron que las tareas se enmarcan en un plan de obras preventivas, cuyo objetivo es optimizar el funcionamiento de la red el\u00e9ctrica y garantizar un servicio m\u00e1s seguro, estable y eficiente para los usuarios.<\/p>\n<p><strong>Cortes en Capital y Valle Viejo<\/strong><\/p>\n<p>En los departamentos\u00a0<strong>Capital y Valle Viejo<\/strong>, el servicio el\u00e9ctrico se ver\u00e1 interrumpido en el horario de 7:00 a 12:30 horas, afectando a los siguientes sectores:<\/p>\n<ul>\n<li>Barrios Bella Vista<\/li>\n<li>Los Plateados<\/li>\n<li>Loteos Cazaux<\/li>\n<li>Soles<\/li>\n<li>Las Vertientes<\/li>\n<li>Molina<\/li>\n<li>Pozos N\u00b0 41, 46, 52, 57 y 59 de Aguas de Catamarca<\/li>\n<li>F\u00e1brica Fibransur<\/li>\n<li>Cortes en Santa Mar\u00eda<\/li>\n<\/ul>\n<p>En la ciudad de\u00a0<strong>Santa Mar\u00eda<\/strong>, el corte del suministro est\u00e1 previsto de 7:00 a 12:00 horas y alcanzar\u00e1 a los barrios:<\/p>\n<ul>\n<li>Chacarita<\/li>\n<li>San P\u00edo<\/li>\n<li>Las Am\u00e9ricas<\/li>\n<li>San Agust\u00edn<\/li>\n<li>Virgen del Valle<\/li>\n<li>Jard\u00edn<\/li>\n<li>Santa M\u00f3nica<\/li>\n<li>Los Sauces<\/li>\n<li>El Tope<\/li>\n<\/ul>\n<p>Desde EC SAPEM recomendaron a los usuarios tomar las precauciones necesarias durante el per\u00edodo de interrupci\u00f3n del servicio y recordaron que los trabajos podr\u00edan finalizar antes del horario estimado, dependiendo de las condiciones operativas.<\/p>\n<p>Asimismo, indicaron que el cronograma completo de cortes programados puede consultarse a trav\u00e9s del sitio web oficial de la empresa:\u00a0<a href=\"https:\/\/www.ecsapem.com.ar\/\">www.ecsapem.com.ar.<\/a><\/p>\n","protected":false},"excerpt":{"rendered":"<p>La empresa Energ\u00eda de Catamarca SAPEM (EC SAPEM) inform\u00f3 que este viernes se realizar\u00e1n cortes programados del suministro el\u00e9ctrico en<\/p>\n","protected":false},"author":1,"featured_media":28696,"comment_status":"closed","ping_status":"closed","sticky":false,"template":"","format":"standard","meta":{"footnotes":"","jetpack_publicize_message":"","jetpack_publicize_feature_enabled":true,"jetpack_social_post_already_shared":true,"jetpack_social_options":{"image_generator_settings":{"template":"highway","enabled":false},"version":2}},"categories":[2],"tags":[],"class_list":["post-28695","post","type-post","status-publish","format-standard","has-post-thumbnail","hentry","category-locales"],"jetpack_publicize_connections":[],"_links":{"self":[{"href":"https:\/\/diariorepublica.com.ar\/web\/index.php\/wp-json\/wp\/v2\/posts\/28695"}],"collection":[{"href":"https:\/\/diariorepublica.com.ar\/web\/index.php\/wp-json\/wp\/v2\/posts"}],"about":[{"href":"https:\/\/diariorepublica.com.ar\/web\/index.php\/wp-json\/wp\/v2\/types\/post"}],"author":[{"embeddable":true,"href":"https:\/\/diariorepublica.com.ar\/web\/index.php\/wp-json\/wp\/v2\/users\/1"}],"replies":[{"embeddable":true,"href":"https:\/\/diariorepublica.com.ar\/web\/index.php\/wp-json\/wp\/v2\/comments?post=28695"}],"version-history":[{"count":1,"href":"https:\/\/diariorepublica.com.ar\/web\/index.php\/wp-json\/wp\/v2\/posts\/28695\/revisions"}],"predecessor-version":[{"id":28697,"href":"https:\/\/diariorepublica.com.ar\/web\/index.php\/wp-json\/wp\/v2\/posts\/28695\/revisions\/28697"}],"wp:featuredmedia":[{"embeddable":true,"href":"https:\/\/diariorepublica.com.ar\/web\/index.php\/wp-json\/wp\/v2\/media\/28696"}],"wp:attachment":[{"href":"https:\/\/diariorepublica.com.ar\/web\/index.php\/wp-json\/wp\/v2\/media?parent=28695"}],"wp:term":[{"taxonomy":"category","embeddable":true,"href":"https:\/\/diariorepublica.com.ar\/web\/index.php\/wp-json\/wp\/v2\/categories?post=28695"},{"taxonomy":"post_tag","embeddable":true,"href":"https:\/\/diariorepublica.com.ar\/web\/index.php\/wp-json\/wp\/v2\/tags?post=28695"}],"curies":[{"name":"wp","href":"https:\/\/api.w.org\/{rel}","templated":true}]}}