{"id":28698,"date":"2026-01-15T12:20:33","date_gmt":"2026-01-15T15:20:33","guid":{"rendered":"https:\/\/diariorepublica.com.ar\/web\/?p=28698"},"modified":"2026-01-15T12:20:35","modified_gmt":"2026-01-15T15:20:35","slug":"la-55-fiesta-nacional-del-poncho-se-realizara-del-17-al-26-de-julio","status":"publish","type":"post","link":"https:\/\/diariorepublica.com.ar\/web\/index.php\/locales\/2026\/01\/15\/la-55-fiesta-nacional-del-poncho-se-realizara-del-17-al-26-de-julio\/","title":{"rendered":"La 55\u00b0 Fiesta Nacional del Poncho se realizar\u00e1 del 17 al 26 de julio"},"content":{"rendered":"<p>La 55\u00b0 Fiesta Nacional e Internacional del Poncho se llevar\u00e1 a cabo del 17 al 26 de julio y volver\u00e1 a posicionarse como uno de los principales atractivos tur\u00edsticos y culturales del invierno en la Argentina. Durante diez d\u00edas y diez noches, la capital provincial ser\u00e1 el epicentro de una celebraci\u00f3n que pone en valor la identidad, el trabajo artesanal y las expresiones culturales que definen a la provincia.<\/p>\n<p>La confirmaci\u00f3n anticipada de la fecha marca el inicio formal de la organizaci\u00f3n de uno de los eventos m\u00e1s convocantes del calendario cultural argentino. La Fiesta del Poncho no solo representa una manifestaci\u00f3n art\u00edstica y cultural, sino que tambi\u00e9n constituye un motor clave para la econom\u00eda local, al generar un fuerte impacto en el sector tur\u00edstico, comercial y gastron\u00f3mico, con la llegada de miles de visitantes de distintos puntos del pa\u00eds y del exterior.<\/p>\n<p>En este contexto, la ministra de Cultura, Turismo y Deporte de Catamarca, Daiana Rold\u00e1n, destac\u00f3 la importancia de definir con antelaci\u00f3n el cronograma del evento. \u00abDefinir la fecha con anticipaci\u00f3n es clave para facilitar la planificaci\u00f3n de turistas, prestadores, artesanos, productores culturales y de todos los actores que forman parte de la fiesta\u00bb, se\u00f1al\u00f3 la funcionaria, al remarcar el car\u00e1cter integral que tiene la celebraci\u00f3n.<\/p>\n<p>El anuncio tambi\u00e9n permite articular con tiempo las acciones de promoci\u00f3n tur\u00edstica previstas para esta etapa del a\u00f1o, con el objetivo de posicionar a la Fiesta del Poncho y a Catamarca como una de las principales opciones para las vacaciones de invierno. En ese marco, se prev\u00e9 el desarrollo de campa\u00f1as y actividades promocionales en distintos puntos del pa\u00eds, incluyendo la costa argentina, con presencia en destinos como Pinamar, en el marco de acciones conjuntas impulsadas por las provincias que integran el Norte Grande.<\/p>\n<p>Julio representa la temporada alta para el turismo en Catamarca, tanto por las condiciones clim\u00e1ticas favorables como por el atractivo que genera la Fiesta del Poncho. Se trata de una celebraci\u00f3n que se realiza de manera ininterrumpida desde 1967, con el objetivo inicial de poner en valor el arte textil catamarque\u00f1o. Con el paso de los a\u00f1os, el evento experiment\u00f3 un crecimiento sostenido, ampliando su propuesta y consolid\u00e1ndose como un espacio de referencia para la cultura y la producci\u00f3n artesanal del pa\u00eds.<\/p>\n<p>Actualmente, la fiesta se desarrolla en un Predio Ferial especialmente dise\u00f1ado para albergar la magnitud del evento. El espacio cuenta con escenarios de primer nivel para espect\u00e1culos musicales y de danza, m\u00e1s de 700 artesanos y expositores de todo el pa\u00eds, propuestas gastron\u00f3micas con sabores regionales, espacios institucionales, una feria de promoci\u00f3n tur\u00edstica y un museo permanente dedicado a la historia y evoluci\u00f3n de la Fiesta del Poncho.<\/p>\n<p>Los artesanos y artesanas constituyen el coraz\u00f3n de la celebraci\u00f3n. A trav\u00e9s de sus creaciones, transmiten saberes ancestrales y expresan la identidad cultural de Catamarca, convirtiendo al Poncho en un punto de encuentro entre tradici\u00f3n e innovaci\u00f3n. A esta propuesta se suman la m\u00fasica, la danza y la gastronom\u00eda t\u00edpica, que invitan a vivir una experiencia integral y profundamente catamarque\u00f1a.<\/p>\n<p>Con la fecha ya confirmada, la edici\u00f3n 2026 de la Fiesta Nacional e Internacional del Poncho comienza a proyectarse como una nueva oportunidad para mostrar al pa\u00eds y al mundo la riqueza cultural de Catamarca, celebrar el trabajo artesanal y fortalecer el sentido de identidad que distingue a la provincia.<\/p>\n","protected":false},"excerpt":{"rendered":"<p>La 55\u00b0 Fiesta Nacional e Internacional del Poncho se llevar\u00e1 a cabo del 17 al 26 de julio y volver\u00e1<\/p>\n","protected":false},"author":1,"featured_media":28699,"comment_status":"closed","ping_status":"closed","sticky":false,"template":"","format":"standard","meta":{"footnotes":"","jetpack_publicize_message":"","jetpack_publicize_feature_enabled":true,"jetpack_social_post_already_shared":true,"jetpack_social_options":{"image_generator_settings":{"template":"highway","enabled":false},"version":2}},"categories":[2],"tags":[],"class_list":["post-28698","post","type-post","status-publish","format-standard","has-post-thumbnail","hentry","category-locales"],"jetpack_publicize_connections":[],"_links":{"self":[{"href":"https:\/\/diariorepublica.com.ar\/web\/index.php\/wp-json\/wp\/v2\/posts\/28698"}],"collection":[{"href":"https:\/\/diariorepublica.com.ar\/web\/index.php\/wp-json\/wp\/v2\/posts"}],"about":[{"href":"https:\/\/diariorepublica.com.ar\/web\/index.php\/wp-json\/wp\/v2\/types\/post"}],"author":[{"embeddable":true,"href":"https:\/\/diariorepublica.com.ar\/web\/index.php\/wp-json\/wp\/v2\/users\/1"}],"replies":[{"embeddable":true,"href":"https:\/\/diariorepublica.com.ar\/web\/index.php\/wp-json\/wp\/v2\/comments?post=28698"}],"version-history":[{"count":1,"href":"https:\/\/diariorepublica.com.ar\/web\/index.php\/wp-json\/wp\/v2\/posts\/28698\/revisions"}],"predecessor-version":[{"id":28700,"href":"https:\/\/diariorepublica.com.ar\/web\/index.php\/wp-json\/wp\/v2\/posts\/28698\/revisions\/28700"}],"wp:featuredmedia":[{"embeddable":true,"href":"https:\/\/diariorepublica.com.ar\/web\/index.php\/wp-json\/wp\/v2\/media\/28699"}],"wp:attachment":[{"href":"https:\/\/diariorepublica.com.ar\/web\/index.php\/wp-json\/wp\/v2\/media?parent=28698"}],"wp:term":[{"taxonomy":"category","embeddable":true,"href":"https:\/\/diariorepublica.com.ar\/web\/index.php\/wp-json\/wp\/v2\/categories?post=28698"},{"taxonomy":"post_tag","embeddable":true,"href":"https:\/\/diariorepublica.com.ar\/web\/index.php\/wp-json\/wp\/v2\/tags?post=28698"}],"curies":[{"name":"wp","href":"https:\/\/api.w.org\/{rel}","templated":true}]}}