{"id":28701,"date":"2026-01-15T16:21:00","date_gmt":"2026-01-15T19:21:00","guid":{"rendered":"https:\/\/diariorepublica.com.ar\/web\/?p=28701"},"modified":"2026-01-15T12:23:02","modified_gmt":"2026-01-15T15:23:02","slug":"el-receso-invernal-ya-tiene-fecha-definida","status":"publish","type":"post","link":"https:\/\/diariorepublica.com.ar\/web\/index.php\/sociedad\/2026\/01\/15\/el-receso-invernal-ya-tiene-fecha-definida\/","title":{"rendered":"El receso invernal ya tiene fecha definida"},"content":{"rendered":"<p>Seg\u00fan el calendaron escolar oficial, el receso invernal en la provincia se extender\u00e1 <strong>del lunes 13 al viernes 24 de julio<\/strong>, dos semanas esperadas por estudiantes, docentes y familias que aprovechan esos d\u00edas para descansar, viajar o disfrutar de las propuestas culturales y tur\u00edsticas que ofrece Catamarca.<\/p>\n<p class=\"wp-block-heading\">Calendario escolar: inicio y cierre del ciclo lectivo<\/p>\n<p>De acuerdo con la planificaci\u00f3n educativa, las clases en escuelas de periodo com\u00fan comenzar\u00e1n el\u00a0<strong>lunes 2 de marzo<\/strong>\u00a0y finalizar\u00e1n el\u00a0<strong>viernes 18 de diciembre<\/strong>\u00a0en todos los niveles y modalidades del sistema educativo provincial, con el objetivo de cumplir los\u00a0<strong>190 d\u00edas de clases<\/strong>\u00a0establecidos a nivel nacional.<\/p>\n","protected":false},"excerpt":{"rendered":"<p>Seg\u00fan el calendaron escolar oficial, el receso invernal en la provincia se extender\u00e1 del lunes 13 al viernes 24 de<\/p>\n","protected":false},"author":1,"featured_media":28702,"comment_status":"closed","ping_status":"closed","sticky":false,"template":"","format":"standard","meta":{"footnotes":"","jetpack_publicize_message":"","jetpack_publicize_feature_enabled":true,"jetpack_social_post_already_shared":true,"jetpack_social_options":{"image_generator_settings":{"template":"highway","enabled":false},"version":2}},"categories":[3],"tags":[],"class_list":["post-28701","post","type-post","status-publish","format-standard","has-post-thumbnail","hentry","category-sociedad"],"jetpack_publicize_connections":[],"_links":{"self":[{"href":"https:\/\/diariorepublica.com.ar\/web\/index.php\/wp-json\/wp\/v2\/posts\/28701"}],"collection":[{"href":"https:\/\/diariorepublica.com.ar\/web\/index.php\/wp-json\/wp\/v2\/posts"}],"about":[{"href":"https:\/\/diariorepublica.com.ar\/web\/index.php\/wp-json\/wp\/v2\/types\/post"}],"author":[{"embeddable":true,"href":"https:\/\/diariorepublica.com.ar\/web\/index.php\/wp-json\/wp\/v2\/users\/1"}],"replies":[{"embeddable":true,"href":"https:\/\/diariorepublica.com.ar\/web\/index.php\/wp-json\/wp\/v2\/comments?post=28701"}],"version-history":[{"count":1,"href":"https:\/\/diariorepublica.com.ar\/web\/index.php\/wp-json\/wp\/v2\/posts\/28701\/revisions"}],"predecessor-version":[{"id":28703,"href":"https:\/\/diariorepublica.com.ar\/web\/index.php\/wp-json\/wp\/v2\/posts\/28701\/revisions\/28703"}],"wp:featuredmedia":[{"embeddable":true,"href":"https:\/\/diariorepublica.com.ar\/web\/index.php\/wp-json\/wp\/v2\/media\/28702"}],"wp:attachment":[{"href":"https:\/\/diariorepublica.com.ar\/web\/index.php\/wp-json\/wp\/v2\/media?parent=28701"}],"wp:term":[{"taxonomy":"category","embeddable":true,"href":"https:\/\/diariorepublica.com.ar\/web\/index.php\/wp-json\/wp\/v2\/categories?post=28701"},{"taxonomy":"post_tag","embeddable":true,"href":"https:\/\/diariorepublica.com.ar\/web\/index.php\/wp-json\/wp\/v2\/tags?post=28701"}],"curies":[{"name":"wp","href":"https:\/\/api.w.org\/{rel}","templated":true}]}}