{"id":28704,"date":"2026-01-15T12:24:21","date_gmt":"2026-01-15T15:24:21","guid":{"rendered":"https:\/\/diariorepublica.com.ar\/web\/?p=28704"},"modified":"2026-01-15T12:24:23","modified_gmt":"2026-01-15T15:24:23","slug":"aerolineas-argentinas-anuncio-vuelos-especiales-para-el-mundial","status":"publish","type":"post","link":"https:\/\/diariorepublica.com.ar\/web\/index.php\/nacionales\/2026\/01\/15\/aerolineas-argentinas-anuncio-vuelos-especiales-para-el-mundial\/","title":{"rendered":"Aerol\u00edneas Argentinas anunci\u00f3 vuelos especiales para el Mundial"},"content":{"rendered":"<p>erol\u00edneas Argentinas anunci\u00f3 su operaci\u00f3n especial de vuelos con motivo de la Copa Mundial de F\u00fatbol, que incluir\u00e1 salidas directas hacia Kansas y Dallas, as\u00ed como la incorporaci\u00f3n del vuelo directo entre C\u00f3rdoba y Miami, con dos frecuencias semanales a partir de junio.<\/p>\n<p>Seg\u00fan informaron fuentes de la compa\u00f1\u00eda a la\u00a0Agencia Noticias Argentinas, en el caso de los vuelos especiales a Estados Unidos, la programaci\u00f3n prevista contempla el siguiente esquema:<\/p>\n<ul>\n<li>Dos vuelos especiales a Kansas, con motivo del partido entre Argentina y Argelia, que se disputar\u00e1 el 16 de junio. La operaci\u00f3n incluir\u00e1 un vuelo con arribo el d\u00eda previo al encuentro y otro con arribo el mismo d\u00eda del partido.<\/li>\n<li>Cuatro vuelos especiales a Dallas, vinculados a los partidos que disputar\u00e1 la Selecci\u00f3n Argentina en esa ciudad: el encuentro frente a Austria, previsto para el 22 de junio, y el partido ante Jordania, que se jugar\u00e1 el 27 de junio.<\/li>\n<li>Para cada uno de los encuentros, se dispondr\u00e1 de dos vuelos: uno con arribo el d\u00eda previo al partido y otro con arribo el mismo d\u00eda.<\/li>\n<\/ul>\n<p>La compa\u00f1\u00eda sumar\u00e1 adem\u00e1s el vuelo directo entre\u00a0<strong>C\u00f3rdoba y Miami<\/strong>, que comenzar\u00e1 a operar desde el\u00a0<strong>5 de junio<\/strong>\u00a0<strong>y permanecer\u00e1 activo una vez finalizada la competencia mundialista como ruta regular.<\/strong><\/p>\n<p>Ser\u00e1n dos vuelos semanales, programados los viernes y domingo, operados con aviones\u00a0<strong>Airbus A330<\/strong>, ampliando as\u00ed las opciones de conectividad internacional desde el interior del pa\u00eds.<\/p>\n<p title=\"__IP__\" data-ipspy=\"__IP__\">En cuanto a la programaci\u00f3n regular entre\u00a0<strong>Ezeiza y Miami,<\/strong>\u00a0la compa\u00f1\u00eda contar\u00e1 con\u00a0<strong>18 frecuencias semanales,<\/strong>\u00a0con una oferta compuesta por hasta\u00a0<strong>tres vuelos diarios<\/strong>, en modalidades\u00a0<strong>diurna y nocturna.<\/strong><span data-nosnippet=\"\">__IP__<\/span><\/p>\n<p>Todos los vuelos de esta operaci\u00f3n especial ser\u00e1n comercializados a trav\u00e9s del sitio web de Aerol\u00edneas Argentinas (<a href=\"https:\/\/www.aerolineas.com.ar\/\" target=\"_blank\" rel=\"noopener nofollow\">www.aerolineas.com.ar<\/a>) y mediante agencias de viajes.<\/p>\n<p>\u201cUna vez m\u00e1s,\u00a0<strong>Aerol\u00edneas Argentinas<\/strong>\u00a0acompa\u00f1a a los hinchas argentinos y consolida una estrategia comercial orientada a identificar oportunidades vinculadas a grandes eventos deportivos y culturales, adecuando su operaci\u00f3n a la demanda espec\u00edfica de cada ocasi\u00f3n\u201d, indicaron desde la empresa estatal<\/p>\n","protected":false},"excerpt":{"rendered":"<p>erol\u00edneas Argentinas anunci\u00f3 su operaci\u00f3n especial de vuelos con motivo de la Copa Mundial de F\u00fatbol, que incluir\u00e1 salidas directas<\/p>\n","protected":false},"author":1,"featured_media":28705,"comment_status":"closed","ping_status":"closed","sticky":false,"template":"","format":"standard","meta":{"footnotes":"","jetpack_publicize_message":"","jetpack_publicize_feature_enabled":true,"jetpack_social_post_already_shared":true,"jetpack_social_options":{"image_generator_settings":{"template":"highway","enabled":false},"version":2}},"categories":[4],"tags":[],"class_list":["post-28704","post","type-post","status-publish","format-standard","has-post-thumbnail","hentry","category-nacionales"],"jetpack_publicize_connections":[],"_links":{"self":[{"href":"https:\/\/diariorepublica.com.ar\/web\/index.php\/wp-json\/wp\/v2\/posts\/28704"}],"collection":[{"href":"https:\/\/diariorepublica.com.ar\/web\/index.php\/wp-json\/wp\/v2\/posts"}],"about":[{"href":"https:\/\/diariorepublica.com.ar\/web\/index.php\/wp-json\/wp\/v2\/types\/post"}],"author":[{"embeddable":true,"href":"https:\/\/diariorepublica.com.ar\/web\/index.php\/wp-json\/wp\/v2\/users\/1"}],"replies":[{"embeddable":true,"href":"https:\/\/diariorepublica.com.ar\/web\/index.php\/wp-json\/wp\/v2\/comments?post=28704"}],"version-history":[{"count":1,"href":"https:\/\/diariorepublica.com.ar\/web\/index.php\/wp-json\/wp\/v2\/posts\/28704\/revisions"}],"predecessor-version":[{"id":28706,"href":"https:\/\/diariorepublica.com.ar\/web\/index.php\/wp-json\/wp\/v2\/posts\/28704\/revisions\/28706"}],"wp:featuredmedia":[{"embeddable":true,"href":"https:\/\/diariorepublica.com.ar\/web\/index.php\/wp-json\/wp\/v2\/media\/28705"}],"wp:attachment":[{"href":"https:\/\/diariorepublica.com.ar\/web\/index.php\/wp-json\/wp\/v2\/media?parent=28704"}],"wp:term":[{"taxonomy":"category","embeddable":true,"href":"https:\/\/diariorepublica.com.ar\/web\/index.php\/wp-json\/wp\/v2\/categories?post=28704"},{"taxonomy":"post_tag","embeddable":true,"href":"https:\/\/diariorepublica.com.ar\/web\/index.php\/wp-json\/wp\/v2\/tags?post=28704"}],"curies":[{"name":"wp","href":"https:\/\/api.w.org\/{rel}","templated":true}]}}