{"id":28707,"date":"2026-01-16T08:17:44","date_gmt":"2026-01-16T11:17:44","guid":{"rendered":"https:\/\/diariorepublica.com.ar\/web\/?p=28707"},"modified":"2026-01-16T08:17:46","modified_gmt":"2026-01-16T11:17:46","slug":"gustavo-superviso-la-repavimentacion-integral-de-la-avenida-belgrano","status":"publish","type":"post","link":"https:\/\/diariorepublica.com.ar\/web\/index.php\/locales\/2026\/01\/16\/gustavo-superviso-la-repavimentacion-integral-de-la-avenida-belgrano\/","title":{"rendered":"Gustavo supervis\u00f3 la repavimentaci\u00f3n integral de la avenida Belgrano"},"content":{"rendered":"<p dir=\"ltr\">El intendente de la Capital,\u00a0Gustavo Saadi, recorri\u00f3 el avance de las obras de repavimentaci\u00f3n sobre la\u00a0Avenida Belgrano, una de las arterias m\u00e1s transitadas y deterioradas de la ciudad. Los trabajos se ejecutan mediante un esquema de cooperaci\u00f3n estrat\u00e9gica entre la\u00a0Municipalidad de la Capital\u00a0y\u00a0Vialidad Provincial, lo que permite optimizar recursos y acelerar los tiempos de ejecuci\u00f3n en beneficio de los vecinos.<\/p>\n<p dir=\"ltr\">Al respecto, el secretario de Infraestructura y Urbanismo,\u00a0Javier Varela, brind\u00f3 precisiones t\u00e9cnicas sobre la intervenci\u00f3n, que abarca un total de\u00a011 cuadras. Seg\u00fan explic\u00f3 el arquitecto, la obra comenz\u00f3 con una etapa de\u00a0fresado, proceso fundamental para retirar el asfalto da\u00f1ado y nivelar las deformaciones que presentaba la calzada original.<\/p>\n<p dir=\"ltr\">Tras el fresado, se proceder\u00e1 a la colocaci\u00f3n de una\u00a0carpeta asf\u00e1ltica de 5 cent\u00edmetros\u00a0de espesor. Varela destac\u00f3 que la nueva estructura est\u00e1 dise\u00f1ada con un\u00a0gran porte\u00a0para resistir el tr\u00e1nsito pesado, espec\u00edficamente de camiones y colectivos, evitando as\u00ed que se repitan los hundimientos y ondulaciones que afectaron a la avenida en el pasado.<\/p>\n<p dir=\"ltr\">Durante su recorrida, Gustavo Saadi resalt\u00f3 el valor de la articulaci\u00f3n institucional: \u201cEs muy importante trabajar en conjunto y quiero agradecerles especialmente a todos los trabajadores y trabajadoras de Vialidad Provincial que nos est\u00e1n dando una gran mano, al ministro y al administrador; esta es la forma de trabajar para beneficiar a los vecinos\u201d.<\/p>\n<p dir=\"ltr\">El intendente reconoci\u00f3 que la intervenci\u00f3n en la Avenida Belgrano es compleja y pidi\u00f3 paciencia a la comunidad por las demoras en el tr\u00e1nsito. \u201cEstuve hablando con algunos comerciantes y vecinos de la zona; les ped\u00ed disculpas por las molestias que estamos ocasionando, pero les asegur\u00e9 que la obra va a quedar muy hermosa y ser\u00e1 de gran utilidad\u201d, afirm\u00f3.<\/p>\n<p>Acompa\u00f1aron al intendente en la supervisi\u00f3n el ministro de Hacienda y Obras P\u00fablicas,\u00a0Juan Marchetti, y el secretario de Infraestructura y Urbanismo,\u00a0Javier Varela, entre otros funcionarios municipales y provinciales.<\/p>\n","protected":false},"excerpt":{"rendered":"<p>El intendente de la Capital,\u00a0Gustavo Saadi, recorri\u00f3 el avance de las obras de repavimentaci\u00f3n sobre la\u00a0Avenida Belgrano, una de las<\/p>\n","protected":false},"author":1,"featured_media":28708,"comment_status":"closed","ping_status":"closed","sticky":false,"template":"","format":"standard","meta":{"footnotes":"","jetpack_publicize_message":"","jetpack_publicize_feature_enabled":true,"jetpack_social_post_already_shared":true,"jetpack_social_options":{"image_generator_settings":{"template":"highway","enabled":false},"version":2}},"categories":[2],"tags":[],"class_list":["post-28707","post","type-post","status-publish","format-standard","has-post-thumbnail","hentry","category-locales"],"jetpack_publicize_connections":[],"_links":{"self":[{"href":"https:\/\/diariorepublica.com.ar\/web\/index.php\/wp-json\/wp\/v2\/posts\/28707"}],"collection":[{"href":"https:\/\/diariorepublica.com.ar\/web\/index.php\/wp-json\/wp\/v2\/posts"}],"about":[{"href":"https:\/\/diariorepublica.com.ar\/web\/index.php\/wp-json\/wp\/v2\/types\/post"}],"author":[{"embeddable":true,"href":"https:\/\/diariorepublica.com.ar\/web\/index.php\/wp-json\/wp\/v2\/users\/1"}],"replies":[{"embeddable":true,"href":"https:\/\/diariorepublica.com.ar\/web\/index.php\/wp-json\/wp\/v2\/comments?post=28707"}],"version-history":[{"count":1,"href":"https:\/\/diariorepublica.com.ar\/web\/index.php\/wp-json\/wp\/v2\/posts\/28707\/revisions"}],"predecessor-version":[{"id":28709,"href":"https:\/\/diariorepublica.com.ar\/web\/index.php\/wp-json\/wp\/v2\/posts\/28707\/revisions\/28709"}],"wp:featuredmedia":[{"embeddable":true,"href":"https:\/\/diariorepublica.com.ar\/web\/index.php\/wp-json\/wp\/v2\/media\/28708"}],"wp:attachment":[{"href":"https:\/\/diariorepublica.com.ar\/web\/index.php\/wp-json\/wp\/v2\/media?parent=28707"}],"wp:term":[{"taxonomy":"category","embeddable":true,"href":"https:\/\/diariorepublica.com.ar\/web\/index.php\/wp-json\/wp\/v2\/categories?post=28707"},{"taxonomy":"post_tag","embeddable":true,"href":"https:\/\/diariorepublica.com.ar\/web\/index.php\/wp-json\/wp\/v2\/tags?post=28707"}],"curies":[{"name":"wp","href":"https:\/\/api.w.org\/{rel}","templated":true}]}}