{"id":28710,"date":"2026-01-16T00:44:00","date_gmt":"2026-01-16T03:44:00","guid":{"rendered":"https:\/\/diariorepublica.com.ar\/web\/?p=28710"},"modified":"2026-01-16T08:45:26","modified_gmt":"2026-01-16T11:45:26","slug":"contamos-con-el-presidente-trump-para-la-libertad-de-venezuela-afirmo-maria-corina-machado","status":"publish","type":"post","link":"https:\/\/diariorepublica.com.ar\/web\/index.php\/internacionales\/2026\/01\/16\/contamos-con-el-presidente-trump-para-la-libertad-de-venezuela-afirmo-maria-corina-machado\/","title":{"rendered":"\u201cContamos con el presidente Trump para la libertad de Venezuela\u00bb, afirm\u00f3 Mar\u00eda Corina Machado"},"content":{"rendered":"<p>El presidente de Estados Unidos,\u00a0<strong>Donald Trump, recibi\u00f3 este jueves en la Casa Blanca a la l\u00edder opositora venezolana y Premio Nobel de la Paz, Mar\u00eda Corina Machado,\u00a0<\/strong>quien al salir declar\u00f3 entusiasmada que cuenta con el magnate para \u00abla libertad de Venezuela\u201d.<\/p>\n<p>Machado dijo tambi\u00e9n que la presidenta encargada de Venezuela,\u00a0<strong>Delcy Rodr\u00edguez, \u201ces parte del r\u00e9gimen\u201d.<\/strong><\/p>\n<p>El encuentro entre\u00a0<strong>Trump y Machado\u00a0<\/strong>se llev\u00f3 a cabo en uno de los comedores de la residencia presidencial, donde ambos almorzaron. A la reuni\u00f3n se sum\u00f3 el secretario de Estado norteamericano,<strong>\u00a0Marco Rubio,<\/strong>\u00a0un fuerte aliado de la lucha democr\u00e1tica venezolana.<\/p>\n<p><strong>\u201cSepan que contamos con el presidente Trump para la libertad (de Venezuela)\u201d,\u00a0<\/strong>dijo la dirigente venezolana ante las c\u00e1maras, entre abrazos y fotos con seguidores, report\u00f3 CNN.<\/p>\n<p>Machado dijo tambi\u00e9n que \u201csi hay algo que este r\u00e9gimen ha sabido hacer con eficiencia en el pasado, ha sido ganar tiempo y aprovecharse de los esfuerzos realizados de buena fe.\u00a0<strong>Delcy Rodr\u00edguez es parte del r\u00e9gimen<\/strong>. No hay manera de que un pa\u00eds donde el 86 % de la poblaci\u00f3n vive en pobreza pueda atraer inversi\u00f3n real\u201d.<\/p>\n<p title=\"__IP__\" data-ipspy=\"__IP__\">Tras retirarse del encuentro y recibir el saludo de connacionales apostados en la entrada a la Casa Blanca,\u00a0<strong>Machado<\/strong>\u00a0se dirigi\u00f3 al Capitolio donde mantuvo una reuni\u00f3n con senadores republicanos y dem\u00f3cratas.<\/p>\n<p>Machado expres\u00f3 su compromiso con el retorno de los millones de venezolanos que han emigrado en los \u00faltimos a\u00f1os. \u201cY quiero regresar para reemplazar todo lo que han aprendido y entrenado en todo el mundo\u201d, dijo, subrayando que el proceso de reconstrucci\u00f3n ser\u00e1 arduo pero esperanzador, seg\u00fan el diario venezolano El Nacional.<\/p>\n","protected":false},"excerpt":{"rendered":"<p>El presidente de Estados Unidos,\u00a0Donald Trump, recibi\u00f3 este jueves en la Casa Blanca a la l\u00edder opositora venezolana y Premio<\/p>\n","protected":false},"author":1,"featured_media":28711,"comment_status":"closed","ping_status":"closed","sticky":false,"template":"","format":"standard","meta":{"footnotes":"","jetpack_publicize_message":"","jetpack_publicize_feature_enabled":true,"jetpack_social_post_already_shared":true,"jetpack_social_options":{"image_generator_settings":{"template":"highway","enabled":false},"version":2}},"categories":[6],"tags":[],"class_list":["post-28710","post","type-post","status-publish","format-standard","has-post-thumbnail","hentry","category-internacionales"],"jetpack_publicize_connections":[],"_links":{"self":[{"href":"https:\/\/diariorepublica.com.ar\/web\/index.php\/wp-json\/wp\/v2\/posts\/28710"}],"collection":[{"href":"https:\/\/diariorepublica.com.ar\/web\/index.php\/wp-json\/wp\/v2\/posts"}],"about":[{"href":"https:\/\/diariorepublica.com.ar\/web\/index.php\/wp-json\/wp\/v2\/types\/post"}],"author":[{"embeddable":true,"href":"https:\/\/diariorepublica.com.ar\/web\/index.php\/wp-json\/wp\/v2\/users\/1"}],"replies":[{"embeddable":true,"href":"https:\/\/diariorepublica.com.ar\/web\/index.php\/wp-json\/wp\/v2\/comments?post=28710"}],"version-history":[{"count":1,"href":"https:\/\/diariorepublica.com.ar\/web\/index.php\/wp-json\/wp\/v2\/posts\/28710\/revisions"}],"predecessor-version":[{"id":28712,"href":"https:\/\/diariorepublica.com.ar\/web\/index.php\/wp-json\/wp\/v2\/posts\/28710\/revisions\/28712"}],"wp:featuredmedia":[{"embeddable":true,"href":"https:\/\/diariorepublica.com.ar\/web\/index.php\/wp-json\/wp\/v2\/media\/28711"}],"wp:attachment":[{"href":"https:\/\/diariorepublica.com.ar\/web\/index.php\/wp-json\/wp\/v2\/media?parent=28710"}],"wp:term":[{"taxonomy":"category","embeddable":true,"href":"https:\/\/diariorepublica.com.ar\/web\/index.php\/wp-json\/wp\/v2\/categories?post=28710"},{"taxonomy":"post_tag","embeddable":true,"href":"https:\/\/diariorepublica.com.ar\/web\/index.php\/wp-json\/wp\/v2\/tags?post=28710"}],"curies":[{"name":"wp","href":"https:\/\/api.w.org\/{rel}","templated":true}]}}