{"id":28716,"date":"2026-01-16T06:47:00","date_gmt":"2026-01-16T09:47:00","guid":{"rendered":"https:\/\/diariorepublica.com.ar\/web\/?p=28716"},"modified":"2026-01-16T08:48:46","modified_gmt":"2026-01-16T11:48:46","slug":"el-gobierno-denuncio-que-hay-otro-argentino-detenido-en-venezuela","status":"publish","type":"post","link":"https:\/\/diariorepublica.com.ar\/web\/index.php\/nacionales\/2026\/01\/16\/el-gobierno-denuncio-que-hay-otro-argentino-detenido-en-venezuela\/","title":{"rendered":"El Gobierno denunci\u00f3 que hay otro argentino detenido en Venezuela"},"content":{"rendered":"<article id=\"article-post\" class=\"first\">\n<div class=\"cuerpo\" data-twitter-link=\"https:\/\/twitter.com\/intent\/tweet?url=https:\/\/www.diariopopular.com.ar\/c881254&amp;via=poopulardiario&amp;related=Popular&amp;text=\">\n<p>La presidenta del bloque de senadores de La Libertad Avanza,<strong>\u00a0Patricia Bullrich, denunci\u00f3 este jueves que hay otro argentino detenido por el gobierno de Venezuela<\/strong>. Se trata de\u00a0<strong>Roberto Baldo<\/strong>, quien permanece preso junto a su mujer desde fines de 2024 y se suma a los casos del gendarme\u00a0<strong>Nahuel Gallo y de Germ\u00e1n Giuliani<\/strong>.<\/p>\n<\/div>\n<\/article>\n<article id=\"article-post\">\n<div class=\"cuerpo\" data-twitter-link=\"https:\/\/twitter.com\/intent\/tweet?url=https:\/\/www.diariopopular.com.ar\/c881254&amp;via=poopulardiario&amp;related=Popular&amp;text=\">\n<p>A trav\u00e9s de un posteo en la red social X, Bullrich sostuvo que\u00a0<strong>\u201clos presos pol\u00edticos en Venezuela estaban subregistrados\u201d\u00a0<\/strong>y afirm\u00f3 que,<strong>\u00a0\u201ccomo en toda dictadura, la informaci\u00f3n real se oculta\u201d.<\/strong>\u00a0En ese marco, dijo que \u201cse detiene a gente sin debido proceso, se violan derechos humanos y se intenta tapar la verdad\u201d.<\/p>\n<p><strong>\u201cHoy nos enteramos de Roberto, otro argentino, que junto a su mujer est\u00e1n detenidos. Esperamos su pronta liberaci\u00f3n. Y seguimos insistiendo por Nahuel y Germ\u00e1n.\u00a0<\/strong>No vamos a aflojar hasta que vuelvan todos\u201d, afirm\u00f3 la senadora.<\/p>\n<div id=\"embed49_wrap\" class=\"embed_cont type_freetext\" contenteditable=\"false\">\n<div id=\"embed49_content\" class=\"embed_content\">\n<div id=\"embed49_embed\">\n<div class=\"twitter-tweet twitter-tweet-rendered\"><iframe id=\"twitter-widget-0\" class=\"\" title=\"X Post\" src=\"https:\/\/platform.twitter.com\/embed\/Tweet.html?creatorScreenName=diariopopular&amp;dnt=false&amp;embedId=twitter-widget-0&amp;features=eyJ0ZndfdGltZWxpbmVfbGlzdCI6eyJidWNrZXQiOltdLCJ2ZXJzaW9uIjpudWxsfSwidGZ3X2ZvbGxvd2VyX2NvdW50X3N1bnNldCI6eyJidWNrZXQiOnRydWUsInZlcnNpb24iOm51bGx9LCJ0ZndfdHdlZXRfZWRpdF9iYWNrZW5kIjp7ImJ1Y2tldCI6Im9uIiwidmVyc2lvbiI6bnVsbH0sInRmd19yZWZzcmNfc2Vzc2lvbiI6eyJidWNrZXQiOiJvbiIsInZlcnNpb24iOm51bGx9LCJ0ZndfZm9zbnJfc29mdF9pbnRlcnZlbnRpb25zX2VuYWJsZWQiOnsiYnVja2V0Ijoib24iLCJ2ZXJzaW9uIjpudWxsfSwidGZ3X21peGVkX21lZGlhXzE1ODk3Ijp7ImJ1Y2tldCI6InRyZWF0bWVudCIsInZlcnNpb24iOm51bGx9LCJ0ZndfZXhwZXJpbWVudHNfY29va2llX2V4cGlyYXRpb24iOnsiYnVja2V0IjoxMjA5NjAwLCJ2ZXJzaW9uIjpudWxsfSwidGZ3X3Nob3dfYmlyZHdhdGNoX3Bpdm90c19lbmFibGVkIjp7ImJ1Y2tldCI6Im9uIiwidmVyc2lvbiI6bnVsbH0sInRmd19kdXBsaWNhdGVfc2NyaWJlc190b19zZXR0aW5ncyI6eyJidWNrZXQiOiJvbiIsInZlcnNpb24iOm51bGx9LCJ0ZndfdXNlX3Byb2ZpbGVfaW1hZ2Vfc2hhcGVfZW5hYmxlZCI6eyJidWNrZXQiOiJvbiIsInZlcnNpb24iOm51bGx9LCJ0ZndfdmlkZW9faGxzX2R5bmFtaWNfbWFuaWZlc3RzXzE1MDgyIjp7ImJ1Y2tldCI6InRydWVfYml0cmF0ZSIsInZlcnNpb24iOm51bGx9LCJ0ZndfbGVnYWN5X3RpbWVsaW5lX3N1bnNldCI6eyJidWNrZXQiOnRydWUsInZlcnNpb24iOm51bGx9LCJ0ZndfdHdlZXRfZWRpdF9mcm9udGVuZCI6eyJidWNrZXQiOiJvbiIsInZlcnNpb24iOm51bGx9fQ%3D%3D&amp;frame=false&amp;hideCard=false&amp;hideThread=false&amp;id=2011856981418508521&amp;lang=en&amp;origin=https%3A%2F%2Fwww.diariopopular.com.ar%2Fpolitica%2Fel-gobierno-denuncio-que-hay-otro-argentino-detenido-venezuela-n881254&amp;sessionId=965bd7e5aa71d9ed254b95dba31631d05ec80525&amp;siteScreenName=diariopopular&amp;theme=light&amp;widgetsVersion=2615f7e52b7e0%3A1702314776716&amp;width=550px\" frameborder=\"0\" scrolling=\"no\" allowfullscreen=\"allowfullscreen\" data-gtm-yt-inspected-15=\"true\" data-tweet-id=\"2011856981418508521\" data-mce-fragment=\"1\"><\/iframe><\/div>\n<\/div>\n<\/div>\n<div id=\"embed49_epigrafe\" class=\"embed_epigrafe\"><\/div>\n<div id=\"embed49_copyright\" class=\"embed_copyright\"><\/div>\n<\/div>\n<p>Bullrich explic\u00f3 que tom\u00f3 conocimiento del caso de Roberto Baldo\u00a0<strong>a partir de un posteo de la activista venezolana-argentina Elisa Trotta, fundadora del Foro Argentino por la Defensa de la Democracia<\/strong>, quien difundi\u00f3 una imagen del matrimonio detenido.<\/p>\n<p>En su publicaci\u00f3n,\u00a0<strong>Trotta detall\u00f3 que Roberto Baldo es argentino-venezolano y que su esposa, Montserrat Espinosa de Baldo, es espa\u00f1ola-venezolana.<\/strong>\u00a0Seg\u00fan indic\u00f3, ambos se encuentran detenidos desde finales de 2024 y contin\u00faan privados de su libertad en calabozos del r\u00e9gimen chavista.<\/p>\n<p><strong>\u201cHoy alzamos la voz por ellos<\/strong>, como alzamos la voz por todos los presos pol\u00edticos que deben ser liberados, sin excepci\u00f3n y sin condiciones\u201d, concluy\u00f3 la activista en su mensaje.<\/p>\n<\/div>\n<\/article>\n","protected":false},"excerpt":{"rendered":"<p>La presidenta del bloque de senadores de La Libertad Avanza,\u00a0Patricia Bullrich, denunci\u00f3 este jueves que hay otro argentino detenido por<\/p>\n","protected":false},"author":1,"featured_media":28717,"comment_status":"closed","ping_status":"closed","sticky":false,"template":"","format":"standard","meta":{"footnotes":"","jetpack_publicize_message":"","jetpack_publicize_feature_enabled":true,"jetpack_social_post_already_shared":true,"jetpack_social_options":{"image_generator_settings":{"template":"highway","enabled":false},"version":2}},"categories":[4],"tags":[],"class_list":["post-28716","post","type-post","status-publish","format-standard","has-post-thumbnail","hentry","category-nacionales"],"jetpack_publicize_connections":[],"_links":{"self":[{"href":"https:\/\/diariorepublica.com.ar\/web\/index.php\/wp-json\/wp\/v2\/posts\/28716"}],"collection":[{"href":"https:\/\/diariorepublica.com.ar\/web\/index.php\/wp-json\/wp\/v2\/posts"}],"about":[{"href":"https:\/\/diariorepublica.com.ar\/web\/index.php\/wp-json\/wp\/v2\/types\/post"}],"author":[{"embeddable":true,"href":"https:\/\/diariorepublica.com.ar\/web\/index.php\/wp-json\/wp\/v2\/users\/1"}],"replies":[{"embeddable":true,"href":"https:\/\/diariorepublica.com.ar\/web\/index.php\/wp-json\/wp\/v2\/comments?post=28716"}],"version-history":[{"count":1,"href":"https:\/\/diariorepublica.com.ar\/web\/index.php\/wp-json\/wp\/v2\/posts\/28716\/revisions"}],"predecessor-version":[{"id":28718,"href":"https:\/\/diariorepublica.com.ar\/web\/index.php\/wp-json\/wp\/v2\/posts\/28716\/revisions\/28718"}],"wp:featuredmedia":[{"embeddable":true,"href":"https:\/\/diariorepublica.com.ar\/web\/index.php\/wp-json\/wp\/v2\/media\/28717"}],"wp:attachment":[{"href":"https:\/\/diariorepublica.com.ar\/web\/index.php\/wp-json\/wp\/v2\/media?parent=28716"}],"wp:term":[{"taxonomy":"category","embeddable":true,"href":"https:\/\/diariorepublica.com.ar\/web\/index.php\/wp-json\/wp\/v2\/categories?post=28716"},{"taxonomy":"post_tag","embeddable":true,"href":"https:\/\/diariorepublica.com.ar\/web\/index.php\/wp-json\/wp\/v2\/tags?post=28716"}],"curies":[{"name":"wp","href":"https:\/\/api.w.org\/{rel}","templated":true}]}}