{"id":28728,"date":"2026-01-19T16:32:17","date_gmt":"2026-01-19T19:32:17","guid":{"rendered":"https:\/\/diariorepublica.com.ar\/web\/?p=28728"},"modified":"2026-01-19T16:32:19","modified_gmt":"2026-01-19T19:32:19","slug":"teresita-regalado-asumira-como-ministra-de-mineria-y-murua-sera-designado-como-director-ymad","status":"publish","type":"post","link":"https:\/\/diariorepublica.com.ar\/web\/index.php\/politica\/2026\/01\/19\/teresita-regalado-asumira-como-ministra-de-mineria-y-murua-sera-designado-como-director-ymad\/","title":{"rendered":"Teresita Regalado asumir\u00e1 como ministra de Miner\u00eda y Murua ser\u00e1 designado como director YMAD"},"content":{"rendered":"<p>El gobernador de Catamarca, Ra\u00fal Jalil, junto al vicegobernador Rub\u00e9n Dusso, encabez\u00f3 una reuni\u00f3n de trabajo con autoridades y referentes de \u00e1reas vinculadas al sector minero, en la que se oficializaron cambios en la conducci\u00f3n de uno de los ejes estrat\u00e9gicos del desarrollo provincial. Durante el encuentro se confirm\u00f3 que Teresita Regalado asumir\u00e1 como nueva ministra de Miner\u00eda, mientras que el actual titular de la cartera, Marcelo Murua, ser\u00e1 designado como director de Yacimientos Mineros de Agua de Dionisio (YMAD).<\/p>\n<p>Seg\u00fan se inform\u00f3 oficialmente, la asunci\u00f3n de Regalado est\u00e1 prevista para el pr\u00f3ximo mi\u00e9rcoles. Se trata de una dirigente con una extensa y reconocida trayectoria en el \u00e1mbito minero, que ha integrado distintos equipos t\u00e9cnicos y pol\u00edticos en las \u00faltimas gestiones de gobierno. Su recorrido dentro del \u00e1rea le permiti\u00f3 participar activamente en el dise\u00f1o y la implementaci\u00f3n de pol\u00edticas vinculadas al desarrollo del sector, el control ambiental y la relaci\u00f3n con las comunidades.<\/p>\n<p>Hasta su reciente designaci\u00f3n como ministra, Teresita Regalado se desempe\u00f1aba como secretaria de Desarrollo Minero, un rol desde el cual tuvo un contacto directo con proyectos productivos, inversiones y programas de fortalecimiento institucional. Su nombramiento es le\u00eddo dentro del Gobierno como una apuesta a la continuidad de una l\u00ednea de trabajo que prioriza la planificaci\u00f3n, la transparencia y el fortalecimiento del rol del Estado en la actividad minera.<\/p>\n<p>En paralelo, se confirm\u00f3 que Marcelo Murua, quien deja el Ministerio de Miner\u00eda tras m\u00e1s de cuatro a\u00f1os al frente del \u00e1rea, pasar\u00e1 a cumplir funciones como director de Yacimientos Mineros de Agua de Dionisio (YMAD). Se trata de una empresa clave para la provincia, no solo por su peso hist\u00f3rico, sino tambi\u00e9n por su rol en el desarrollo de proyectos mineros estrat\u00e9gicos y en la generaci\u00f3n de recursos para Catamarca.<\/p>\n<p>Durante la reuni\u00f3n, el gobernador Ra\u00fal Jalil agradeci\u00f3 p\u00fablicamente a Murua por la labor realizada durante su gesti\u00f3n. Destac\u00f3 especialmente el trabajo sostenido en un contexto de alta complejidad, marcado por debates sociales, exigencias ambientales crecientes y la necesidad de compatibilizar el desarrollo productivo con el cuidado de los recursos naturales.<\/p>\n<p>El mandatario remarc\u00f3, adem\u00e1s, la importancia de dar continuidad a la l\u00ednea de acci\u00f3n que se viene implementando en el \u00e1rea minera. En ese sentido, subray\u00f3 como ejes centrales la transparencia en la gesti\u00f3n, la aplicaci\u00f3n de controles ambientales estrictos, la promoci\u00f3n de empleo genuino y de calidad en el sector, y el sostenimiento de un di\u00e1logo permanente con las comunidades originarias y los distintos actores sociales involucrados.<\/p>\n<p>Desde el Gobierno provincial se\u00f1alaron que los cambios buscan fortalecer la institucionalidad del \u00e1rea y consolidar una agenda minera alineada con los desaf\u00edos actuales, tanto en materia productiva como ambiental y social. La designaci\u00f3n de Regalado y el nuevo rol de Murua en YMAD forman parte de una estrategia que apunta a profundizar pol\u00edticas de desarrollo con inclusi\u00f3n, valor agregado y responsabilidad ambiental.<\/p>\n<p>Con esta reconfiguraci\u00f3n, el Ejecutivo provincial ratifica a la miner\u00eda como uno de los pilares del modelo de crecimiento de Catamarca, al tiempo que busca garantizar previsibilidad, control y participaci\u00f3n social en un sector clave para el futuro econ\u00f3mico de la provincia.<\/p>\n","protected":false},"excerpt":{"rendered":"<p>El gobernador de Catamarca, Ra\u00fal Jalil, junto al vicegobernador Rub\u00e9n Dusso, encabez\u00f3 una reuni\u00f3n de trabajo con autoridades y referentes<\/p>\n","protected":false},"author":1,"featured_media":28729,"comment_status":"closed","ping_status":"closed","sticky":false,"template":"","format":"standard","meta":{"footnotes":"","jetpack_publicize_message":"","jetpack_publicize_feature_enabled":true,"jetpack_social_post_already_shared":true,"jetpack_social_options":{"image_generator_settings":{"template":"highway","enabled":false},"version":2}},"categories":[12],"tags":[],"class_list":["post-28728","post","type-post","status-publish","format-standard","has-post-thumbnail","hentry","category-politica"],"jetpack_publicize_connections":[],"_links":{"self":[{"href":"https:\/\/diariorepublica.com.ar\/web\/index.php\/wp-json\/wp\/v2\/posts\/28728"}],"collection":[{"href":"https:\/\/diariorepublica.com.ar\/web\/index.php\/wp-json\/wp\/v2\/posts"}],"about":[{"href":"https:\/\/diariorepublica.com.ar\/web\/index.php\/wp-json\/wp\/v2\/types\/post"}],"author":[{"embeddable":true,"href":"https:\/\/diariorepublica.com.ar\/web\/index.php\/wp-json\/wp\/v2\/users\/1"}],"replies":[{"embeddable":true,"href":"https:\/\/diariorepublica.com.ar\/web\/index.php\/wp-json\/wp\/v2\/comments?post=28728"}],"version-history":[{"count":1,"href":"https:\/\/diariorepublica.com.ar\/web\/index.php\/wp-json\/wp\/v2\/posts\/28728\/revisions"}],"predecessor-version":[{"id":28730,"href":"https:\/\/diariorepublica.com.ar\/web\/index.php\/wp-json\/wp\/v2\/posts\/28728\/revisions\/28730"}],"wp:featuredmedia":[{"embeddable":true,"href":"https:\/\/diariorepublica.com.ar\/web\/index.php\/wp-json\/wp\/v2\/media\/28729"}],"wp:attachment":[{"href":"https:\/\/diariorepublica.com.ar\/web\/index.php\/wp-json\/wp\/v2\/media?parent=28728"}],"wp:term":[{"taxonomy":"category","embeddable":true,"href":"https:\/\/diariorepublica.com.ar\/web\/index.php\/wp-json\/wp\/v2\/categories?post=28728"},{"taxonomy":"post_tag","embeddable":true,"href":"https:\/\/diariorepublica.com.ar\/web\/index.php\/wp-json\/wp\/v2\/tags?post=28728"}],"curies":[{"name":"wp","href":"https:\/\/api.w.org\/{rel}","templated":true}]}}