{"id":28734,"date":"2026-01-19T16:42:14","date_gmt":"2026-01-19T19:42:14","guid":{"rendered":"https:\/\/diariorepublica.com.ar\/web\/?p=28734"},"modified":"2026-01-19T16:42:16","modified_gmt":"2026-01-19T19:42:16","slug":"mundial-2026-la-tv-publica-y-radio-nacional-transmitiran-los-partidos-de-la-seleccion","status":"publish","type":"post","link":"https:\/\/diariorepublica.com.ar\/web\/index.php\/deportes\/2026\/01\/19\/mundial-2026-la-tv-publica-y-radio-nacional-transmitiran-los-partidos-de-la-seleccion\/","title":{"rendered":"Mundial 2026: la TV P\u00fablica y Radio Nacional transmitir\u00e1n los partidos de la Selecci\u00f3n"},"content":{"rendered":"<article id=\"article-post\" class=\"first\">\n<div class=\"cuerpo\" data-twitter-link=\"https:\/\/twitter.com\/intent\/tweet?url=https:\/\/www.diariopopular.com.ar\/c881885&amp;via=poopulardiario&amp;related=Popular&amp;text=\">\n<p>El jefe de Gabinete, Manuel Adorni, confirm\u00f3 este lunes que la TV P\u00fablica y Radio Nacional \u201ctransmitir\u00e1n todos los partidos\u201d de la Selecci\u00f3n argentina en el Mundial M\u00e9xico, Estados Unidos, Canad\u00e1 2026 para que todos puedan ver los partidos.<\/p>\n<\/div>\n<\/article>\n<article id=\"article-post\">\n<div class=\"cuerpo\" data-twitter-link=\"https:\/\/twitter.com\/intent\/tweet?url=https:\/\/www.diariopopular.com.ar\/c881885&amp;via=poopulardiario&amp;related=Popular&amp;text=\">\n<p>\u201cLa Televisi\u00f3n P\u00fablica y Radio Nacional transmitir\u00e1n todos los partidos de la Selecci\u00f3n argentina durante la Copa del Mundo 2026\u201d Publico en X el jefe de gabinete.<\/p>\n<p>\u201cGracias a un acuerdo comercial, el costo de los derechos de transmisi\u00f3n no ser\u00e1 afrontado con el dinero de los impuestos. Para todos, sin usar la plata de todos\u201d. Tambi\u00e9n agreg\u00f3.<\/p>\n<figure id=\"781087-Libre-1686200687_wrap\" class=\"embed_cont type_imagen\" contenteditable=\"false\">\n<div id=\"781087-Libre-1686200687_content\" class=\"embed_content\"><img loading=\"lazy\" decoding=\"async\" id=\"781087-Libre-1686200687_embed\" title=\"\" src=\"https:\/\/media.diariopopular.com.ar\/p\/1c8ca3bc519bbfeb11983db811657442\/adjuntos\/143\/imagenes\/008\/226\/0008226259\/1140x0\/smart\/image.png\" alt=\"\" width=\"1140\" height=\"620\" longdesc=\"https:\/\/media.diariopopular.com.ar\/p\/1c8ca3bc519bbfeb11983db811657442\/adjuntos\/143\/imagenes\/008\/226\/0008226259\/1140x0\/smart\/image.png\" \/><\/div><figcaption id=\"781087-Libre-1686200687_epigrafe\" class=\"embed_epigrafe\"><\/figcaption><div id=\"781087-Libre-1686200687_copyright\" class=\"embed_copyright\"><\/div>\n<\/figure>\n<p>El Mundial se disputar\u00e1 del 11 de junio al 19 de julio y la Selecci\u00f3n argentina, que ir\u00e1 a defender el t\u00edtulo de campe\u00f3n, iniciar\u00e1 su camino el martes 16 de junio a las 22 enfrentando a Argelia en el Kansas City Stadium.<\/p>\n<p title=\"__IP__\" data-ipspy=\"__IP__\">En el segundo encuentro, el equipo dirigido por Lionel Scaloni jugar\u00e1 ante Austria el lunes 22 de junio a las 14 en el Dallas Stadium, mismo escenario donde se medir\u00e1 frente a Jordania el s\u00e1bado 27 de junio a las 23.<\/p>\n<p title=\"__IP__\" data-ipspy=\"__IP__\">El partido debut ser\u00e1 el jueves 11 de junio a las 16 hs ser\u00e1 M\u00e9xico vs Sud\u00e1frica en el ic\u00f3nico estadio Azteca.<\/p>\n<\/div>\n<\/article>\n","protected":false},"excerpt":{"rendered":"<p>El jefe de Gabinete, Manuel Adorni, confirm\u00f3 este lunes que la TV P\u00fablica y Radio Nacional \u201ctransmitir\u00e1n todos los partidos\u201d<\/p>\n","protected":false},"author":1,"featured_media":28735,"comment_status":"closed","ping_status":"closed","sticky":false,"template":"","format":"standard","meta":{"footnotes":"","jetpack_publicize_message":"","jetpack_publicize_feature_enabled":true,"jetpack_social_post_already_shared":true,"jetpack_social_options":{"image_generator_settings":{"template":"highway","enabled":false},"version":2}},"categories":[9],"tags":[],"class_list":["post-28734","post","type-post","status-publish","format-standard","has-post-thumbnail","hentry","category-deportes"],"jetpack_publicize_connections":[],"_links":{"self":[{"href":"https:\/\/diariorepublica.com.ar\/web\/index.php\/wp-json\/wp\/v2\/posts\/28734"}],"collection":[{"href":"https:\/\/diariorepublica.com.ar\/web\/index.php\/wp-json\/wp\/v2\/posts"}],"about":[{"href":"https:\/\/diariorepublica.com.ar\/web\/index.php\/wp-json\/wp\/v2\/types\/post"}],"author":[{"embeddable":true,"href":"https:\/\/diariorepublica.com.ar\/web\/index.php\/wp-json\/wp\/v2\/users\/1"}],"replies":[{"embeddable":true,"href":"https:\/\/diariorepublica.com.ar\/web\/index.php\/wp-json\/wp\/v2\/comments?post=28734"}],"version-history":[{"count":1,"href":"https:\/\/diariorepublica.com.ar\/web\/index.php\/wp-json\/wp\/v2\/posts\/28734\/revisions"}],"predecessor-version":[{"id":28736,"href":"https:\/\/diariorepublica.com.ar\/web\/index.php\/wp-json\/wp\/v2\/posts\/28734\/revisions\/28736"}],"wp:featuredmedia":[{"embeddable":true,"href":"https:\/\/diariorepublica.com.ar\/web\/index.php\/wp-json\/wp\/v2\/media\/28735"}],"wp:attachment":[{"href":"https:\/\/diariorepublica.com.ar\/web\/index.php\/wp-json\/wp\/v2\/media?parent=28734"}],"wp:term":[{"taxonomy":"category","embeddable":true,"href":"https:\/\/diariorepublica.com.ar\/web\/index.php\/wp-json\/wp\/v2\/categories?post=28734"},{"taxonomy":"post_tag","embeddable":true,"href":"https:\/\/diariorepublica.com.ar\/web\/index.php\/wp-json\/wp\/v2\/tags?post=28734"}],"curies":[{"name":"wp","href":"https:\/\/api.w.org\/{rel}","templated":true}]}}