{"id":28737,"date":"2026-01-19T16:44:04","date_gmt":"2026-01-19T19:44:04","guid":{"rendered":"https:\/\/diariorepublica.com.ar\/web\/?p=28737"},"modified":"2026-01-19T16:44:13","modified_gmt":"2026-01-19T19:44:13","slug":"murio-valentino-garavani-el-disenador-de-moda-que-marco-una-epoca","status":"publish","type":"post","link":"https:\/\/diariorepublica.com.ar\/web\/index.php\/espectaculos\/2026\/01\/19\/murio-valentino-garavani-el-disenador-de-moda-que-marco-una-epoca\/","title":{"rendered":"Muri\u00f3 Valentino Garavani, el dise\u00f1ador de moda que marc\u00f3 una \u00e9poca"},"content":{"rendered":"<article id=\"article-post\" class=\"first\">\n<div class=\"cuerpo\" data-twitter-link=\"https:\/\/twitter.com\/intent\/tweet?url=https:\/\/www.diariopopular.com.ar\/c881903&amp;via=poopulardiario&amp;related=Popular&amp;text=\">\n<p data-start=\"908\" data-end=\"1235\">El dise\u00f1ador italiano\u00a0<strong data-start=\"930\" data-end=\"952\">Valentino Garavani<\/strong>\u00a0falleci\u00f3 a los\u00a0<strong data-start=\"968\" data-end=\"979\">93 a\u00f1os<\/strong>, seg\u00fan inform\u00f3 la revista\u00a0<strong data-start=\"1006\" data-end=\"1014\">Elle<\/strong>, una noticia que impact\u00f3 al mundo de la moda y a la industria cultural en general. Se trat\u00f3 de una de las figuras m\u00e1s influyentes del dise\u00f1o del siglo XX, creador de un estilo propio que atraves\u00f3 generaciones y fronteras.<\/p>\n<\/div>\n<\/article>\n<article id=\"article-post\">\n<div class=\"cuerpo\" data-twitter-link=\"https:\/\/twitter.com\/intent\/tweet?url=https:\/\/www.diariopopular.com.ar\/c881903&amp;via=poopulardiario&amp;related=Popular&amp;text=\">\n<p data-start=\"1237\" data-end=\"1586\">Nacido como\u00a0<strong data-start=\"1249\" data-end=\"1289\">Valentino Clemente Ludovico Garavani<\/strong>\u00a0el\u00a0<strong data-start=\"1293\" data-end=\"1315\">11 de mayo de 1932<\/strong>\u00a0en\u00a0<strong data-start=\"1319\" data-end=\"1330\">Voghera<\/strong>, una ciudad de la regi\u00f3n de\u00a0<strong data-start=\"1359\" data-end=\"1372\">Lombard\u00eda,\u00a0<\/strong>mostr\u00f3 inter\u00e9s por la moda desde muy chico, impulsado por su entorno familiar, en especial por una t\u00eda modista con la que dio sus primeros pasos. Ese inter\u00e9s temprano marc\u00f3 el rumbo de una vida dedicada al dise\u00f1o.<\/p>\n<p data-start=\"1237\" data-end=\"1586\">A los\u00a0<strong data-start=\"1594\" data-end=\"1605\">17 a\u00f1os<\/strong>\u00a0se traslad\u00f3 a\u00a0<strong data-start=\"1620\" data-end=\"1629\">Par\u00eds<\/strong>, donde estudi\u00f3 en la\u00a0<strong data-start=\"1651\" data-end=\"1675\">\u00c9cole des Beaux-Arts<\/strong>\u00a0y en la\u00a0<strong data-start=\"1684\" data-end=\"1730\">Chambre Syndicale de la Couture Parisienne<\/strong>. All\u00ed se form\u00f3 junto a referentes como\u00a0<strong data-start=\"1770\" data-end=\"1794\">Crist\u00f3bal Balenciaga<\/strong>,\u00a0<strong data-start=\"1796\" data-end=\"1811\">Jean D\u00e8sses<\/strong>\u00a0y\u00a0<strong data-start=\"1814\" data-end=\"1829\">Guy Laroche<\/strong>, una experiencia clave que defini\u00f3 su mirada est\u00e9tica y su manera de trabajar la alta costura.<\/p>\n<p data-start=\"1955\" data-end=\"2236\">En\u00a0<strong data-start=\"1958\" data-end=\"1966\">1959<\/strong>\u00a0regres\u00f3 a\u00a0<strong data-start=\"1977\" data-end=\"1985\">Roma<\/strong>\u00a0y abri\u00f3 su primer estudio en la\u00a0<strong data-start=\"2018\" data-end=\"2034\">Via Condotti<\/strong>, con apoyo econ\u00f3mico de sus padres. Desde all\u00ed comenz\u00f3 a construir una identidad reconocible, elegante y precisa, que r\u00e1pidamente llam\u00f3 la atenci\u00f3n de clientas influyentes del mundo pol\u00edtico y cultural.<\/p>\n<p data-start=\"2238\" data-end=\"2469\">Desde\u00a0<strong data-start=\"2244\" data-end=\"2252\">1960<\/strong>\u00a0comparti\u00f3 su vida personal y profesional con\u00a0<strong data-start=\"2298\" data-end=\"2321\">Giancarlo Giammetti<\/strong>, su socio y compa\u00f1ero. Juntos fundaron la\u00a0<strong data-start=\"2364\" data-end=\"2384\">Maison Valentino<\/strong>, una marca que se consolid\u00f3 como s\u00edmbolo de lujo italiano y proyecci\u00f3n internacional.<\/p>\n<p data-start=\"2238\" data-end=\"2469\">A lo largo de su carrera visti\u00f3 a figuras como\u00a0<strong data-start=\"2543\" data-end=\"2561\">Jackie Kennedy<\/strong>,\u00a0<strong data-start=\"2563\" data-end=\"2583\">Elizabeth Taylor<\/strong>,\u00a0<strong data-start=\"2585\" data-end=\"2603\">Audrey Hepburn<\/strong>\u00a0y la\u00a0<strong data-start=\"2609\" data-end=\"2627\">princesa Diana<\/strong>, entre muchas otras. Se retir\u00f3 oficialmente de las pasarelas en\u00a0<strong data-start=\"2692\" data-end=\"2700\">2008<\/strong>, pero su influencia contin\u00faa presente en la moda actual, donde su nombre sigue siendo referencia de elegancia cl\u00e1sica y oficio artesanal.<\/p>\n<\/div>\n<\/article>\n","protected":false},"excerpt":{"rendered":"<p>El dise\u00f1ador italiano\u00a0Valentino Garavani\u00a0falleci\u00f3 a los\u00a093 a\u00f1os, seg\u00fan inform\u00f3 la revista\u00a0Elle, una noticia que impact\u00f3 al mundo de la moda<\/p>\n","protected":false},"author":1,"featured_media":28738,"comment_status":"closed","ping_status":"closed","sticky":false,"template":"","format":"standard","meta":{"footnotes":"","jetpack_publicize_message":"","jetpack_publicize_feature_enabled":true,"jetpack_social_post_already_shared":true,"jetpack_social_options":{"image_generator_settings":{"template":"highway","enabled":false},"version":2}},"categories":[7],"tags":[],"class_list":["post-28737","post","type-post","status-publish","format-standard","has-post-thumbnail","hentry","category-espectaculos"],"jetpack_publicize_connections":[],"_links":{"self":[{"href":"https:\/\/diariorepublica.com.ar\/web\/index.php\/wp-json\/wp\/v2\/posts\/28737"}],"collection":[{"href":"https:\/\/diariorepublica.com.ar\/web\/index.php\/wp-json\/wp\/v2\/posts"}],"about":[{"href":"https:\/\/diariorepublica.com.ar\/web\/index.php\/wp-json\/wp\/v2\/types\/post"}],"author":[{"embeddable":true,"href":"https:\/\/diariorepublica.com.ar\/web\/index.php\/wp-json\/wp\/v2\/users\/1"}],"replies":[{"embeddable":true,"href":"https:\/\/diariorepublica.com.ar\/web\/index.php\/wp-json\/wp\/v2\/comments?post=28737"}],"version-history":[{"count":2,"href":"https:\/\/diariorepublica.com.ar\/web\/index.php\/wp-json\/wp\/v2\/posts\/28737\/revisions"}],"predecessor-version":[{"id":28740,"href":"https:\/\/diariorepublica.com.ar\/web\/index.php\/wp-json\/wp\/v2\/posts\/28737\/revisions\/28740"}],"wp:featuredmedia":[{"embeddable":true,"href":"https:\/\/diariorepublica.com.ar\/web\/index.php\/wp-json\/wp\/v2\/media\/28738"}],"wp:attachment":[{"href":"https:\/\/diariorepublica.com.ar\/web\/index.php\/wp-json\/wp\/v2\/media?parent=28737"}],"wp:term":[{"taxonomy":"category","embeddable":true,"href":"https:\/\/diariorepublica.com.ar\/web\/index.php\/wp-json\/wp\/v2\/categories?post=28737"},{"taxonomy":"post_tag","embeddable":true,"href":"https:\/\/diariorepublica.com.ar\/web\/index.php\/wp-json\/wp\/v2\/tags?post=28737"}],"curies":[{"name":"wp","href":"https:\/\/api.w.org\/{rel}","templated":true}]}}