{"id":28741,"date":"2026-01-19T11:44:00","date_gmt":"2026-01-19T14:44:00","guid":{"rendered":"https:\/\/diariorepublica.com.ar\/web\/?p=28741"},"modified":"2026-01-19T16:45:18","modified_gmt":"2026-01-19T19:45:18","slug":"reforma-laboral-oficializan-la-convocatoria-a-sesiones-extraordinarias-en-el-congreso","status":"publish","type":"post","link":"https:\/\/diariorepublica.com.ar\/web\/index.php\/politica\/2026\/01\/19\/reforma-laboral-oficializan-la-convocatoria-a-sesiones-extraordinarias-en-el-congreso\/","title":{"rendered":"Reforma laboral: oficializan la convocatoria a sesiones extraordinarias en el Congreso"},"content":{"rendered":"<p>El presidente Javier Milei convoc\u00f3 hoy formalmente al Congreso de la Naci\u00f3n a sesiones extraordinarias entre el 2 y el 27 de febrero. La medida fue oficializada a trav\u00e9s del Decreto 24\/2026, publicado este lunes en el Bolet\u00edn Oficial, y marca la segunda ronda de actividad legislativa fuera del calendario ordinario desde el inicio de la gesti\u00f3n libertaria.<\/p>\n<p>Entre los temas centrales que integran la agenda definida por el Poder Ejecutivo se destacan el tratamiento del proyecto de reforma Laboral y la consideraci\u00f3n del Acuerdo de Libre Comercio entre el Mercosur y la Uni\u00f3n Europea, dos iniciativas de fuerte impacto econ\u00f3mico y pol\u00edtico. Tambi\u00e9n figuran la evaluaci\u00f3n de una modificaci\u00f3n al r\u00e9gimen de presupuestos m\u00ednimos para la preservaci\u00f3n de los glaciares y la posible designaci\u00f3n de Fernando Adolfo Iglesias como embajador extraordinario y plenipotenciario, conforme a la Ley del Servicio Exterior de la Naci\u00f3n.<\/p>\n<p>La convocatoria representa un movimiento clave del Gobierno, ya que durante las sesiones extraordinarias es el Ejecutivo quien fija de manera exclusiva los asuntos que pueden ser tratados, a diferencia del per\u00edodo ordinario, en el que la agenda queda en manos del propio Parlamento. Seg\u00fan establece el decreto, cualquier iniciativa que no figure en el temario oficial requerir\u00e1 una nueva citaci\u00f3n o el consentimiento expreso del Presidente.<\/p>\n<p>\u201cConv\u00f3case al H. Congreso de la Naci\u00f3n a Sesiones Extraordinarias desde el 2 hasta el 27 de febrero de 2026\u201d, indica textualmente el art\u00edculo primero del decreto, que obliga a ambas c\u00e1maras a trabajar durante 25 d\u00edas en pleno receso legislativo. La decisi\u00f3n se suma a la convocatoria realizada en diciembre pasado, cuando el oficialismo logr\u00f3 la aprobaci\u00f3n del Presupuesto 2026 -la primera previsi\u00f3n financiera de la era Milei-y de la Ley de Inocencia Fiscal.<\/p>\n<p>Reforma laboral en el Senado<br \/>\nEn paralelo, el Senado avanza en el armado del calendario para debatir la reforma laboral durante la primera quincena de febrero. El oficialismo busca garantizar una sesi\u00f3n entre el martes 10 y el jueves 12, antes de la apertura de las sesiones ordinarias que encabezar\u00e1 Milei el domingo 1\u00b0 de marzo.<\/p>\n<p>La estrategia es coordinada por Patricia Bullrich, presidenta de la comisi\u00f3n de Trabajo y Previsi\u00f3n Social, mientras se afinan las modificaciones finales al proyecto.<\/p>\n<p>El blindaje del cronograma legislativo se consolid\u00f3 luego de que el oficialismo resolviera cuestiones pol\u00edticas y operativas que facilitaron acuerdos m\u00ednimos para avanzar. Al menos una fuerza provincial del interior confirm\u00f3 su acompa\u00f1amiento, lo que despej\u00f3 dudas sobre el qu\u00f3rum. En el Senado se requieren 37 voluntades para sesionar, mientras que el interbloque oficialista suma 21 bancas, por lo que La Libertad Avanza necesita el respaldo del PRO, la UCR y senadores provinciales independientes.<\/p>\n<p>Desde el entorno parlamentario aseguran que existe un \u201cbuen acompa\u00f1amiento\u201d de los bloques dialoguistas y que las negociaciones avanzan con cautela. A partir del lunes 26 de enero, Bullrich iniciar\u00e1 una ronda de reuniones con referentes opositores, mientras una comisi\u00f3n t\u00e9cnica encabezada por Josefina Tajes trabajar\u00e1 en la sistematizaci\u00f3n de cambios y reclamos, incluidos los planteos de la CGT.<\/p>\n","protected":false},"excerpt":{"rendered":"<p>El presidente Javier Milei convoc\u00f3 hoy formalmente al Congreso de la Naci\u00f3n a sesiones extraordinarias entre el 2 y el<\/p>\n","protected":false},"author":1,"featured_media":28742,"comment_status":"closed","ping_status":"closed","sticky":false,"template":"","format":"standard","meta":{"footnotes":"","jetpack_publicize_message":"","jetpack_publicize_feature_enabled":true,"jetpack_social_post_already_shared":true,"jetpack_social_options":{"image_generator_settings":{"template":"highway","enabled":false},"version":2}},"categories":[12],"tags":[],"class_list":["post-28741","post","type-post","status-publish","format-standard","has-post-thumbnail","hentry","category-politica"],"jetpack_publicize_connections":[],"_links":{"self":[{"href":"https:\/\/diariorepublica.com.ar\/web\/index.php\/wp-json\/wp\/v2\/posts\/28741"}],"collection":[{"href":"https:\/\/diariorepublica.com.ar\/web\/index.php\/wp-json\/wp\/v2\/posts"}],"about":[{"href":"https:\/\/diariorepublica.com.ar\/web\/index.php\/wp-json\/wp\/v2\/types\/post"}],"author":[{"embeddable":true,"href":"https:\/\/diariorepublica.com.ar\/web\/index.php\/wp-json\/wp\/v2\/users\/1"}],"replies":[{"embeddable":true,"href":"https:\/\/diariorepublica.com.ar\/web\/index.php\/wp-json\/wp\/v2\/comments?post=28741"}],"version-history":[{"count":1,"href":"https:\/\/diariorepublica.com.ar\/web\/index.php\/wp-json\/wp\/v2\/posts\/28741\/revisions"}],"predecessor-version":[{"id":28743,"href":"https:\/\/diariorepublica.com.ar\/web\/index.php\/wp-json\/wp\/v2\/posts\/28741\/revisions\/28743"}],"wp:featuredmedia":[{"embeddable":true,"href":"https:\/\/diariorepublica.com.ar\/web\/index.php\/wp-json\/wp\/v2\/media\/28742"}],"wp:attachment":[{"href":"https:\/\/diariorepublica.com.ar\/web\/index.php\/wp-json\/wp\/v2\/media?parent=28741"}],"wp:term":[{"taxonomy":"category","embeddable":true,"href":"https:\/\/diariorepublica.com.ar\/web\/index.php\/wp-json\/wp\/v2\/categories?post=28741"},{"taxonomy":"post_tag","embeddable":true,"href":"https:\/\/diariorepublica.com.ar\/web\/index.php\/wp-json\/wp\/v2\/tags?post=28741"}],"curies":[{"name":"wp","href":"https:\/\/api.w.org\/{rel}","templated":true}]}}