{"id":28744,"date":"2026-01-19T15:45:00","date_gmt":"2026-01-19T18:45:00","guid":{"rendered":"https:\/\/diariorepublica.com.ar\/web\/?p=28744"},"modified":"2026-01-19T16:46:48","modified_gmt":"2026-01-19T19:46:48","slug":"39-fallecidos-por-el-choque-de-trenes-en-espana","status":"publish","type":"post","link":"https:\/\/diariorepublica.com.ar\/web\/index.php\/internacionales\/2026\/01\/19\/39-fallecidos-por-el-choque-de-trenes-en-espana\/","title":{"rendered":"39  fallecidos por el choque de trenes en Espa\u00f1a"},"content":{"rendered":"<p>El grave accidente ferroviario ocurrido la tarde del domingo en la localidad de Adamuz, en la provincia meridional espa\u00f1ola de C\u00f3rdoba, dej\u00f3\u00a0<strong>39 personas fallecidas\u00a0<\/strong>hasta el momento,\u00a0<strong>entre ellas el maquinista de uno de los trenes implicados, as\u00ed como 152 heridos<\/strong>, de los cuales 73 permanecen hospitalizados, incluidos 24 en estado grave, seg\u00fan el \u00faltimo balance facilitado por las autoridades.<\/p>\n<p>Espa\u00f1a se encuentra conmocionada tras el grave accidente ferroviario, un siniestro, que involucr\u00f3 a unidades de las operadoras Iryo y Renfe, convirti\u00e9ndose en uno de los episodios m\u00e1s oscuros para la infraestructura de alta velocidad en el pa\u00eds.<\/p>\n<p><strong>Hip\u00f3tesis Central: Descarrilamiento e Invasi\u00f3n de V\u00eda<\/strong><\/p>\n<p>De acuerdo con el expediente abierto por la Comisi\u00f3n de Investigaci\u00f3n de Accidentes Ferroviarios (CIAF), las primeras pesquisas t\u00e9cnicas sugieren una concatenaci\u00f3n de eventos cr\u00edticos. La investigaci\u00f3n apunta a que los dos \u00faltimos coches de una formaci\u00f3n de la empresa Iryo descarrilaron al ingresar a la estaci\u00f3n de Adamuz.<\/p>\n<p>Este desprendimiento provoc\u00f3 que los vagones invadieran la v\u00eda paralela en el preciso instante en que un tren Alvia de Renfe circulaba en sentido contrario, resultando en una colisi\u00f3n de alto impacto.<\/p>\n<p>Respecto a la velocidad del convoy, el Presidente de Renfe (cuyo organismo supervisa la operaci\u00f3n del Alvia) enfatiz\u00f3 que el tramo est\u00e1 limitado a 150 kil\u00f3metros por hora y asegur\u00f3 que, seg\u00fan los registros preliminares, no se detect\u00f3 un exceso de velocidad, desplazando el foco de la investigaci\u00f3n hacia un posible fallo en el material rodante o en la propia infraestructura.<\/p>\n<p><strong>Antecedentes y Estado de la Infraestructura<\/strong><\/p>\n<p>La seguridad del tramo en cuesti\u00f3n qued\u00f3 bajo el escrutinio p\u00fablico tras revelarse informaci\u00f3n sobre el mantenimiento de la l\u00ednea. Aunque la v\u00eda fue acondicionada en mayo de 2025, informes recientes sugieren vulnerabilidades previas:<\/p>\n<ul>\n<li>Incidencias T\u00e9cnicas: El gestor ferroviario Adif habr\u00eda reportado al menos ocho anomal\u00edas en los \u00faltimos meses en este sector, relacionadas principalmente con la se\u00f1alizaci\u00f3n, la catenaria y fallos estructurales menores.<\/li>\n<li>Advertencias Sindicales: El sindicato mayoritario de maquinistas hab\u00eda solicitado previamente reducir la velocidad m\u00e1xima de 300 a 250 km\/h en la l\u00ednea para mitigar vibraciones, aunque han aclarado que este pedido no necesariamente guarda relaci\u00f3n directa con el accidente en Adamuz.<\/li>\n<\/ul>\n<p><strong>\u00d3scar Puente<\/strong>, Ministro de Transportes, solicit\u00f3 prudencia extrema a la opini\u00f3n p\u00fablica, instando a evitar \u00aban\u00e1lisis precipitados y meras especulaciones\u00bb hasta que la CIAF determine las causas exactas y calific\u00f3 el evento como \u00abraro y dif\u00edcil de explicar\u00bb.<\/p>\n<p>Por su parte,\u00a0<strong>Santiago Abascal<\/strong>, Presidente de Vox, expres\u00f3 sus condolencias a las v\u00edctimas, pero dirigi\u00f3 duras cr\u00edticas a la gesti\u00f3n gubernamental, afirmando: \u00abNo puedo confiar en la acci\u00f3n de este Gobierno. Espero que la profesionalidad de los servicios de emergencia supla la incapacidad manifiesta del poder pol\u00edtico\u00bb.<\/p>\n<p>Las labores de rescate han dado paso a las tareas de peritaje y remoci\u00f3n de escombros. La prioridad de las autoridades ferroviarias es ahora la recuperaci\u00f3n de las cajas negras y la restauraci\u00f3n de la seguridad en la l\u00ednea de alta velocidad, mientras los servicios de salud contin\u00faan atendiendo a los m\u00e1s de 150 heridos en los centros hospitalarios de la regi\u00f3n de Andaluc\u00eda.<\/p>\n<p><strong>El accidente se produjo a las 19:45 del domingo, cuando el tren de alta velocidad LD AV Iryo 6189, con origen en M\u00e1laga y destino Madrid, descarril\u00f3<\/strong>\u00a0en los desv\u00edos de entrada de la v\u00eda 1 de Adamuz e invadi\u00f3 la v\u00eda contigua, por la que circulaba otro convoy, un tren Alvia LD AV 2384 Puerta de Atocha-Huelva, que tambi\u00e9n descarril\u00f3, seg\u00fan un informe de Xinhua al que accedi\u00f3 la<strong>\u00a0<\/strong><strong>Agencia Noticias Argentinas.<\/strong><\/p>\n<p><strong>Como consecuencia del impacto y del posterior descarrilamiento, varios vagones de ambos trenes se salieron de la v\u00eda\u00a0<\/strong>y algunos de los coches de la parte trasera del convoy procedente de M\u00e1laga volcaron, cayendo por un talud adyacente a la plataforma ferroviaria, seg\u00fan confirmaron fuentes de los servicios de emergencia y testigos presenciales.<\/p>\n<p>Un periodista de la radiotelevisi\u00f3n p\u00fablica espa\u00f1ola RTVE, que viajaba en el tren procedente de M\u00e1laga, relat\u00f3 en directo lo sucedido. \u00abHubo un momento en que se sinti\u00f3 una especie de terremoto y era que hab\u00edamos descarrilado\u00bb, explic\u00f3.<\/p>\n<p>\u00abA los diez minutos de salir ha empezado a temblar much\u00edsimo y ha descarrilado el coche seis para atr\u00e1s\u00bb, a\u00f1adi\u00f3, se\u00f1alando que varios vagones quedaron gravemente da\u00f1ados.<\/p>\n<p title=\"__IP__\" data-ipspy=\"__IP__\"><strong>El presidente de la Junta de Andaluc\u00eda, Juanma Moreno, calific\u00f3 la situaci\u00f3n de \u00abmuy triste\u00bb y destac\u00f3 el fuerte impacto humano del siniestro.<\/strong><span data-nosnippet=\"\">__IP__<\/span><\/p>\n<p><i>\u00abNo estamos acostumbrados a un accidente de estas caracter\u00edsticas. En estos trenes viajan familias enteras, personas mayores, ni\u00f1os. En definitiva, personas de toda \u00edndole y probablemente de todas las edades\u00bb<\/i>, afirm\u00f3 durante una declaraci\u00f3n a los medios en el lugar del accidente, donde se desplaz\u00f3 para conocer la situaci\u00f3n.<\/p>\n","protected":false},"excerpt":{"rendered":"<p>El grave accidente ferroviario ocurrido la tarde del domingo en la localidad de Adamuz, en la provincia meridional espa\u00f1ola de<\/p>\n","protected":false},"author":1,"featured_media":28745,"comment_status":"closed","ping_status":"closed","sticky":false,"template":"","format":"standard","meta":{"footnotes":"","jetpack_publicize_message":"","jetpack_publicize_feature_enabled":true,"jetpack_social_post_already_shared":true,"jetpack_social_options":{"image_generator_settings":{"template":"highway","enabled":false},"version":2}},"categories":[6],"tags":[],"class_list":["post-28744","post","type-post","status-publish","format-standard","has-post-thumbnail","hentry","category-internacionales"],"jetpack_publicize_connections":[],"_links":{"self":[{"href":"https:\/\/diariorepublica.com.ar\/web\/index.php\/wp-json\/wp\/v2\/posts\/28744"}],"collection":[{"href":"https:\/\/diariorepublica.com.ar\/web\/index.php\/wp-json\/wp\/v2\/posts"}],"about":[{"href":"https:\/\/diariorepublica.com.ar\/web\/index.php\/wp-json\/wp\/v2\/types\/post"}],"author":[{"embeddable":true,"href":"https:\/\/diariorepublica.com.ar\/web\/index.php\/wp-json\/wp\/v2\/users\/1"}],"replies":[{"embeddable":true,"href":"https:\/\/diariorepublica.com.ar\/web\/index.php\/wp-json\/wp\/v2\/comments?post=28744"}],"version-history":[{"count":1,"href":"https:\/\/diariorepublica.com.ar\/web\/index.php\/wp-json\/wp\/v2\/posts\/28744\/revisions"}],"predecessor-version":[{"id":28746,"href":"https:\/\/diariorepublica.com.ar\/web\/index.php\/wp-json\/wp\/v2\/posts\/28744\/revisions\/28746"}],"wp:featuredmedia":[{"embeddable":true,"href":"https:\/\/diariorepublica.com.ar\/web\/index.php\/wp-json\/wp\/v2\/media\/28745"}],"wp:attachment":[{"href":"https:\/\/diariorepublica.com.ar\/web\/index.php\/wp-json\/wp\/v2\/media?parent=28744"}],"wp:term":[{"taxonomy":"category","embeddable":true,"href":"https:\/\/diariorepublica.com.ar\/web\/index.php\/wp-json\/wp\/v2\/categories?post=28744"},{"taxonomy":"post_tag","embeddable":true,"href":"https:\/\/diariorepublica.com.ar\/web\/index.php\/wp-json\/wp\/v2\/tags?post=28744"}],"curies":[{"name":"wp","href":"https:\/\/api.w.org\/{rel}","templated":true}]}}