{"id":28747,"date":"2026-01-19T16:49:05","date_gmt":"2026-01-19T19:49:05","guid":{"rendered":"https:\/\/diariorepublica.com.ar\/web\/?p=28747"},"modified":"2026-01-19T16:49:08","modified_gmt":"2026-01-19T19:49:08","slug":"arca-fue-aceptada-como-querellante-en-una-causa-contra-la-afa","status":"publish","type":"post","link":"https:\/\/diariorepublica.com.ar\/web\/index.php\/nacionales\/2026\/01\/19\/arca-fue-aceptada-como-querellante-en-una-causa-contra-la-afa\/","title":{"rendered":"ARCA fue aceptada como querellante en una causa contra la AFA"},"content":{"rendered":"<p><strong>La Agencia de Recaudaci\u00f3n y Control Aduanero (ARCA) fue aceptada como querellante en la causa que investiga a la Asociaci\u00f3n del F\u00fatbol Argentino (AFA)<\/strong>\u00a0por supuesta \u201cevasi\u00f3n agravada\u201d.<\/p>\n<p>De acuerdo a este expediente, el ente rector del f\u00fatbol argentino habr\u00eda incurrido en una presunta apropiaci\u00f3n indebida de m\u00e1s de 19.000 millones de pesos que deb\u00eda girar al Estado.<\/p>\n<p>Con la reciente decisi\u00f3n del juez en lo Penal Econ\u00f3mico Diego Amarante,\u00a0<strong>los abogados del organismo estatal tendr\u00e1n acceso total al expediente, solicitar medidas de prueba y apelar resoluciones,\u00a0<\/strong>convirti\u00e9ndose contra la administraci\u00f3n de Claudio \u201cChiqui\u201d Tapia<\/p>\n<p><strong>Esta causa surgi\u00f3 de una denuncia presentada por la propia ARCA<\/strong>\u00a0el pasado 12 de diciembre. \u00a0En esa presentaci\u00f3n, el ente recaudador alert\u00f3 a la Justicia que la AFA estaba reteniendo dinero de los clubes, pero no lo giraba al Estado.<\/p>\n<p title=\"__IP__\" data-ipspy=\"__IP__\">Recibida la denuncia, el fiscal en lo Penal Econ\u00f3mico\u00a0<strong>Claudio Navas Rial<\/strong> avanz\u00f3 con la apertura de la investigaci\u00f3n e imput\u00f3 a la c\u00fapula de la AFA por el delito de evasi\u00f3n agravada.<\/p>\n<p>Seg\u00fan los abogados de ARCA, V<strong>anina Mariel Vidal y Mat\u00edas Alejo Gentile Brezigar<\/strong>,\u00a0<strong>el perjuicio fiscal denunciado asciende a la suma exacta de $19.353.546.843,85.<\/strong><\/p>\n<p>El organismo detect\u00f3 irregularidades en el ingreso de IVA, Impuesto a las Ganancias y Contribuciones a la Seguridad Social en el per\u00edodo marzo de 2024-septiembre de 2025.<\/p>\n","protected":false},"excerpt":{"rendered":"<p>La Agencia de Recaudaci\u00f3n y Control Aduanero (ARCA) fue aceptada como querellante en la causa que investiga a la Asociaci\u00f3n<\/p>\n","protected":false},"author":1,"featured_media":28748,"comment_status":"closed","ping_status":"closed","sticky":false,"template":"","format":"standard","meta":{"footnotes":"","jetpack_publicize_message":"","jetpack_publicize_feature_enabled":true,"jetpack_social_post_already_shared":true,"jetpack_social_options":{"image_generator_settings":{"template":"highway","enabled":false},"version":2}},"categories":[4],"tags":[],"class_list":["post-28747","post","type-post","status-publish","format-standard","has-post-thumbnail","hentry","category-nacionales"],"jetpack_publicize_connections":[],"_links":{"self":[{"href":"https:\/\/diariorepublica.com.ar\/web\/index.php\/wp-json\/wp\/v2\/posts\/28747"}],"collection":[{"href":"https:\/\/diariorepublica.com.ar\/web\/index.php\/wp-json\/wp\/v2\/posts"}],"about":[{"href":"https:\/\/diariorepublica.com.ar\/web\/index.php\/wp-json\/wp\/v2\/types\/post"}],"author":[{"embeddable":true,"href":"https:\/\/diariorepublica.com.ar\/web\/index.php\/wp-json\/wp\/v2\/users\/1"}],"replies":[{"embeddable":true,"href":"https:\/\/diariorepublica.com.ar\/web\/index.php\/wp-json\/wp\/v2\/comments?post=28747"}],"version-history":[{"count":1,"href":"https:\/\/diariorepublica.com.ar\/web\/index.php\/wp-json\/wp\/v2\/posts\/28747\/revisions"}],"predecessor-version":[{"id":28749,"href":"https:\/\/diariorepublica.com.ar\/web\/index.php\/wp-json\/wp\/v2\/posts\/28747\/revisions\/28749"}],"wp:featuredmedia":[{"embeddable":true,"href":"https:\/\/diariorepublica.com.ar\/web\/index.php\/wp-json\/wp\/v2\/media\/28748"}],"wp:attachment":[{"href":"https:\/\/diariorepublica.com.ar\/web\/index.php\/wp-json\/wp\/v2\/media?parent=28747"}],"wp:term":[{"taxonomy":"category","embeddable":true,"href":"https:\/\/diariorepublica.com.ar\/web\/index.php\/wp-json\/wp\/v2\/categories?post=28747"},{"taxonomy":"post_tag","embeddable":true,"href":"https:\/\/diariorepublica.com.ar\/web\/index.php\/wp-json\/wp\/v2\/tags?post=28747"}],"curies":[{"name":"wp","href":"https:\/\/api.w.org\/{rel}","templated":true}]}}