{"id":28750,"date":"2026-01-19T17:49:00","date_gmt":"2026-01-19T20:49:00","guid":{"rendered":"https:\/\/diariorepublica.com.ar\/web\/?p=28750"},"modified":"2026-01-19T16:50:44","modified_gmt":"2026-01-19T19:50:44","slug":"como-sera-la-agenda-de-javier-milei-en-davos-durante-el-foro-economico-mundial","status":"publish","type":"post","link":"https:\/\/diariorepublica.com.ar\/web\/index.php\/politica\/2026\/01\/19\/como-sera-la-agenda-de-javier-milei-en-davos-durante-el-foro-economico-mundial\/","title":{"rendered":"C\u00f3mo ser\u00e1 la agenda de Javier Milei en Davos durante el Foro Econ\u00f3mico Mundial"},"content":{"rendered":"<article class=\"article-body article-body--first-paragraph content-protected-false\" data-td-script-src=\"https:\/\/www.ambito.com\/td\/modulos\/encuestas\/js\/function-embeds-min-version-1768536423.js\">\n<p data-start=\"542\" data-end=\"926\">El presidente<strong>\u00a0Javier Milei\u00a0<\/strong>iniciar\u00e1 este lunes por la noche su viaje oficial a Europa para participar del\u00a0Foro Econ\u00f3mico Mundial. A las\u00a0<strong data-start=\"701\" data-end=\"729\">21 horas de Argentina<\/strong>, partir\u00e1 el vuelo especial rumbo a la ciudad de Z\u00farich. Desde all\u00ed, el mandatario se trasladar\u00e1 por tierra hasta Davos, donde est\u00e1 previsto que arribe a las\u00a0<strong data-start=\"887\" data-end=\"907\">15:30 hora local<\/strong>\u00a0del d\u00eda siguiente.<\/p>\n<\/article>\n<article class=\"article-body article-body--second-paragraph content-protected-false\">\n<p data-start=\"928\" data-end=\"1305\">El\u00a0<strong data-start=\"931\" data-end=\"953\">martes 20 de enero<\/strong>, la agenda comenzar\u00e1 con un encuentro de car\u00e1cter privado. A las\u00a0<strong data-start=\"1019\" data-end=\"1088\">21 horas de Suiza (17 horas de la Argentina, horario a confirmar)<\/strong>, Milei mantendr\u00e1 una reuni\u00f3n con\u00a0<strong data-start=\"1122\" data-end=\"1139\">Maurice Ostro<\/strong>, empresario vinculado a los c\u00edrculos econ\u00f3micos y pol\u00edticos internacionales que suelen participar del foro. Ser\u00e1 la \u00fanica actividad formal prevista para esa jornada.<\/p>\n<p data-start=\"928\" data-end=\"1305\">El\u00a0<strong data-start=\"1310\" data-end=\"1335\">mi\u00e9rcoles 21 de enero<\/strong>\u00a0concentrar\u00e1 el n\u00facleo pol\u00edtico y econ\u00f3mico del viaje. A las\u00a0<strong data-start=\"1396\" data-end=\"1437\">10:05 de Suiza (6:05 de la Argentina)<\/strong>, el Presidente realizar\u00e1 un\u00a0<strong data-start=\"1466\" data-end=\"1493\">breve saludo protocolar<\/strong>\u00a0al presidente de la Confederaci\u00f3n Suiza,\u00a0<strong data-start=\"1535\" data-end=\"1551\">Guy Parmelin<\/strong>. Diez minutos m\u00e1s tarde, a las\u00a0<strong data-start=\"1583\" data-end=\"1615\">10:15 (6:15 en la Argentina)<\/strong>, participar\u00e1 del\u00a0<strong data-start=\"1633\" data-end=\"1677\">\u201cCountry Strategy Dialogue on Argentina\u201d<\/strong>, una instancia cerrada en la que expondr\u00e1 la estrategia econ\u00f3mica del pa\u00eds ante inversores y referentes internacionales.<\/p>\n<article class=\"article-body article-body--fourth-paragraph content-protected-false\">\n<p data-start=\"1800\" data-end=\"2320\">Luego, a las\u00a0<strong data-start=\"1813\" data-end=\"1850\">11:30 hora suiza (7:30 argentina)<\/strong>, Milei mantendr\u00e1 un\u00a0<strong data-start=\"1871\" data-end=\"1912\">encuentro con CEOs de bancos globales<\/strong>, una de las reuniones m\u00e1s relevantes del cronograma, orientada a presentar el rumbo econ\u00f3mico del Gobierno y captar inter\u00e9s financiero. Por la tarde, a las\u00a0<strong data-start=\"2069\" data-end=\"2102\">15:30 (11:30 en la Argentina)<\/strong>, saludar\u00e1 al\u00a0<strong data-start=\"2116\" data-end=\"2181\">presidente ejecutivo del Foro Econ\u00f3mico Mundial, B\u00f8rge Brende<\/strong>, y a las\u00a0<strong data-start=\"2191\" data-end=\"2208\">15:45 (11:45)<\/strong>\u00a0realizar\u00e1 su\u00a0<strong data-start=\"2222\" data-end=\"2262\">intervenci\u00f3n en el plenario del foro<\/strong>, el momento de mayor visibilidad internacional del viaje.<\/p>\n<\/article>\n<article class=\"article-body article-body--fifth-paragraph content-protected-false\">\n<p data-start=\"2322\" data-end=\"2708\">La agenda continuar\u00e1 el\u00a0<strong data-start=\"2346\" data-end=\"2368\">jueves 22 de enero<\/strong>\u00a0con un fuerte componente medi\u00e1tico. A las\u00a0<strong data-start=\"2411\" data-end=\"2452\">11:05 de Suiza (7:05 de la Argentina)<\/strong>, el Presidente brindar\u00e1 una\u00a0<strong data-start=\"2481\" data-end=\"2518\">entrevista a la agencia Bloomberg<\/strong>. A continuaci\u00f3n, mantendr\u00e1 un encuentro period\u00edstico con la\u00a0<strong data-start=\"2579\" data-end=\"2637\">editora en jefe de The Economist, Zanny Minton Beddoes<\/strong>, uno de los di\u00e1logos m\u00e1s esperados por el impacto global de ese medio.<\/p>\n<p data-start=\"2710\" data-end=\"2922\">Ese mismo jueves, a las\u00a0<strong data-start=\"2734\" data-end=\"2782\">18 horas de Suiza (14 horas de la Argentina)<\/strong>, partir\u00e1 el vuelo especial de regreso al pa\u00eds. El arribo a Buenos Aires est\u00e1 previsto para el\u00a0<strong data-start=\"2877\" data-end=\"2921\">viernes 23 de enero a las 6 de la ma\u00f1ana<\/strong>.<\/p>\n<p data-start=\"2924\" data-end=\"3194\" data-is-last-node=\"\" data-is-only-node=\"\">Con un cronograma ajustado y sin espacios en blanco, la gira de Milei en Davos combina diplomacia, finanzas y exposici\u00f3n medi\u00e1tica, en una visita dise\u00f1ada para mostrar al Presidente en contacto directo con el n\u00facleo del poder econ\u00f3mico global.<\/p>\n<\/article>\n<\/article>\n","protected":false},"excerpt":{"rendered":"<p>El presidente\u00a0Javier Milei\u00a0iniciar\u00e1 este lunes por la noche su viaje oficial a Europa para participar del\u00a0Foro Econ\u00f3mico Mundial. A las\u00a021<\/p>\n","protected":false},"author":1,"featured_media":28751,"comment_status":"closed","ping_status":"closed","sticky":false,"template":"","format":"standard","meta":{"footnotes":"","jetpack_publicize_message":"","jetpack_publicize_feature_enabled":true,"jetpack_social_post_already_shared":true,"jetpack_social_options":{"image_generator_settings":{"template":"highway","enabled":false},"version":2}},"categories":[12],"tags":[],"class_list":["post-28750","post","type-post","status-publish","format-standard","has-post-thumbnail","hentry","category-politica"],"jetpack_publicize_connections":[],"_links":{"self":[{"href":"https:\/\/diariorepublica.com.ar\/web\/index.php\/wp-json\/wp\/v2\/posts\/28750"}],"collection":[{"href":"https:\/\/diariorepublica.com.ar\/web\/index.php\/wp-json\/wp\/v2\/posts"}],"about":[{"href":"https:\/\/diariorepublica.com.ar\/web\/index.php\/wp-json\/wp\/v2\/types\/post"}],"author":[{"embeddable":true,"href":"https:\/\/diariorepublica.com.ar\/web\/index.php\/wp-json\/wp\/v2\/users\/1"}],"replies":[{"embeddable":true,"href":"https:\/\/diariorepublica.com.ar\/web\/index.php\/wp-json\/wp\/v2\/comments?post=28750"}],"version-history":[{"count":1,"href":"https:\/\/diariorepublica.com.ar\/web\/index.php\/wp-json\/wp\/v2\/posts\/28750\/revisions"}],"predecessor-version":[{"id":28752,"href":"https:\/\/diariorepublica.com.ar\/web\/index.php\/wp-json\/wp\/v2\/posts\/28750\/revisions\/28752"}],"wp:featuredmedia":[{"embeddable":true,"href":"https:\/\/diariorepublica.com.ar\/web\/index.php\/wp-json\/wp\/v2\/media\/28751"}],"wp:attachment":[{"href":"https:\/\/diariorepublica.com.ar\/web\/index.php\/wp-json\/wp\/v2\/media?parent=28750"}],"wp:term":[{"taxonomy":"category","embeddable":true,"href":"https:\/\/diariorepublica.com.ar\/web\/index.php\/wp-json\/wp\/v2\/categories?post=28750"},{"taxonomy":"post_tag","embeddable":true,"href":"https:\/\/diariorepublica.com.ar\/web\/index.php\/wp-json\/wp\/v2\/tags?post=28750"}],"curies":[{"name":"wp","href":"https:\/\/api.w.org\/{rel}","templated":true}]}}