{"id":28756,"date":"2026-01-19T13:53:00","date_gmt":"2026-01-19T16:53:00","guid":{"rendered":"https:\/\/diariorepublica.com.ar\/web\/?p=28756"},"modified":"2026-01-19T16:54:17","modified_gmt":"2026-01-19T19:54:17","slug":"guatemala-decreto-el-estado-de-sitio-tras-la-muerte-de-ocho-policias-en-ataques-del-crimen-organizado","status":"publish","type":"post","link":"https:\/\/diariorepublica.com.ar\/web\/index.php\/internacionales\/2026\/01\/19\/guatemala-decreto-el-estado-de-sitio-tras-la-muerte-de-ocho-policias-en-ataques-del-crimen-organizado\/","title":{"rendered":"Guatemala decret\u00f3 el estado de sitio tras la muerte de ocho polic\u00edas en ataques del crimen organizado"},"content":{"rendered":"<p>Bernardo Ar\u00e9valo asumi\u00f3 como presidente de Guatemala el 14 de enero de 2024. Su campa\u00f1a electoral se bas\u00f3 en prometer la eliminaci\u00f3n del crimen organizado. Pero durante el fin de semana, 8 polic\u00edas fueron asesinados por estas bandas. Una de ellas, conocida como Mara 18, protagoniz\u00f3 un mot\u00edn en c\u00e1rceles con toma de rehenes y fugas.<\/p>\n<article class=\"article-body\">\n<div class=\"article-content\">\n<div class=\"news-body-paragraph\" data-twitter-link=\"\">\n<p data-start=\"328\" data-end=\"501\" data-is-last-node=\"\" data-is-only-node=\"\">Adem\u00e1s, otro grupo, la Mara Salvatrucha, tambi\u00e9n desaf\u00eda al Gobierno y, entre ambas, se acusan mutuamente de estar en una suerte de pacto con el presidente Ar\u00e9valo. Por eso,\u00a0<strong>para mostrarse \u00abindependientes\u00bb protagonizaron una serie de actos violentos en el pa\u00eds durante el fin de semana. Ante estos acontecimientos, el presidente, que cumple un a\u00f1o en funciones, decret\u00f3 el estado de sitio por el lapso de 30 d\u00edas.<\/strong><\/p>\n<\/div>\n<\/div>\n<\/article>\n<article class=\"article-body par-3\">\n<div class=\"article-content\">\n<div class=\"news-body-paragraph\" data-twitter-link=\"\">\n<div id=\"embed52_wrap\" class=\"embed_cont type_freetext\" contenteditable=\"false\">\n<div id=\"embed52_content\" class=\"embed_content\">\n<div id=\"embed52_embed\">\n<div><iframe loading=\"lazy\" title=\"Dailymotion video player \u2013 Violencia social en Guatemala\" src=\"https:\/\/geo.dailymotion.com\/player\/xx206.html?video=x9y2u5q\" width=\"100%\" height=\"100%\" frameborder=\"0\" allowfullscreen=\"allowfullscreen\" data-td-src-property=\"https:\/\/geo.dailymotion.com\/player\/xx206.html?video=x9y2u5q\" data-gtm-yt-inspected-8=\"true\" data-mce-fragment=\"1\"><\/iframe><\/div>\n<\/div>\n<\/div>\n<div class=\"embed_wrapper-cont\">\n<div id=\"embed52_epigrafe\" class=\"embed_epigrafe\"><\/div>\n<\/div>\n<\/div>\n<p data-start=\"212\" data-end=\"929\">Se trata de una\u00a0<strong data-start=\"231\" data-end=\"270\">crisis de seguridad sin precedentes que\u00a0<\/strong>empuja al Gobierno del presidente\u00a0<strong data-start=\"367\" data-end=\"387\">Bernardo Ar\u00e9valo<\/strong>\u00a0a aplicar medidas extraordinarias para intentar contener la violencia.<\/p>\n<\/div>\n<\/div>\n<\/article>\n<article class=\"article-body par-4\">\n<div class=\"article-content\">\n<div class=\"news-body-paragraph\" data-twitter-link=\"\">\n<p data-start=\"212\" data-end=\"929\">Tanto la<strong data-start=\"684\" data-end=\"714\">\u00a0Mara 18 (por el barrio 18) y la\u00a0<\/strong><strong data-start=\"786\" data-end=\"806\">Salvatrucha<\/strong>, designadas como organizaciones terroristas por algunas autoridades internacionales, tienen en jaque al gobierno nacional.<\/p>\n<\/div>\n<\/div>\n<\/article>\n<article class=\"article-body par-5\">\n<div class=\"article-content\">\n<div class=\"news-body-paragraph\" data-twitter-link=\"\">\n<p data-start=\"212\" data-end=\"929\"><strong>Qu\u00e9 son las Maras y c\u00f3mo operan en Guatemala<\/strong><\/p>\n<p data-start=\"212\" data-end=\"929\">Las\u00a0<strong data-start=\"4\" data-end=\"13\">maras<\/strong>\u00a0son\u00a0<strong data-start=\"18\" data-end=\"59\">pandillas criminales centroamericanas<\/strong>\u00a0altamente organizadas, dedicadas a la extorsi\u00f3n, el narcotr\u00e1fico y la violencia, que controlan territorios y siembran terror. Ar\u00e9valo tiene un nuevo inconveniente. No solo tiene que lidiar con las bandas criminales locales. Como la \u00abmano dura\u00bb y la prisi\u00f3n de superseguridad de Nayib Bukele le dio resultado en El Salvador, criminales de ese pa\u00eds huyeron hacia Guatemala para asociarse o \u00abcompetir\u00bb con las maras guatemaltecas.<\/p>\n<p data-start=\"212\" data-end=\"929\">La situaci\u00f3n es tan grave que Guatemala parece haber despojado el triste t\u00edtulo que ten\u00eda El Salvador hasta la llegada de Bukele al poder.\u00a0<strong>El pa\u00eds de Ar\u00e9valo es ahora el m\u00e1s inseguro de Centroam\u00e9rica,\u00a0<\/strong>m\u00e1s all\u00e1 de Hait\u00ed, un pa\u00eds virtualmente sin estado ni gobierno.<\/p>\n<p data-start=\"931\" data-end=\"1538\">Estado de sitio por 30 d\u00edas en Guatemala<\/p>\n<p data-start=\"931\" data-end=\"1538\"><strong>\u00abHemos declarado el estado de sitio por los pr\u00f3ximos 30 d\u00edas<\/strong>\u00ab, dijo en un mensaje a todo el pa\u00eds el presidente Ar\u00e9valo. A\u00f1adi\u00f3 que el objetivo es poder contar con todos los elementos de la polic\u00eda nacional y del ej\u00e9rcito para combatir el poder del crimen organizado y las maras. El mandatario asegur\u00f3, adem\u00e1s, que no afectar\u00e1 en nada a la vida social del pa\u00eds o pol\u00edtica, ya que se enfocar\u00e1 en la lucha contra esos sectores que quieren imponer el modelo de corrupci\u00f3n y violencia en Guatemala. Sin embargo, este lunes, tambi\u00e9n se suspendieron las clases en todo el pa\u00eds.<\/p>\n<p data-start=\"931\" data-end=\"1538\">Ar\u00e9valo se\u00f1al\u00f3 que la ola de violencia y muertes &#8211; asesinaron a 8 polic\u00edas &#8211; estuvo acompa\u00f1ada por motines en las c\u00e1rceles y que todo estuvo organizado.<strong>\u00a0\u00abLa mafia pol\u00edtico criminal del pa\u00eds est\u00e1 preocupada porque ve que estamos teniendo resultados\u00bb,<\/strong>\u00a0sostuvo.<\/p>\n<p data-start=\"931\" data-end=\"1538\">a24.com<\/p>\n<\/div>\n<\/div>\n<\/article>\n","protected":false},"excerpt":{"rendered":"<p>Bernardo Ar\u00e9valo asumi\u00f3 como presidente de Guatemala el 14 de enero de 2024. Su campa\u00f1a electoral se bas\u00f3 en prometer<\/p>\n","protected":false},"author":1,"featured_media":28757,"comment_status":"closed","ping_status":"closed","sticky":false,"template":"","format":"standard","meta":{"footnotes":"","jetpack_publicize_message":"","jetpack_publicize_feature_enabled":true,"jetpack_social_post_already_shared":true,"jetpack_social_options":{"image_generator_settings":{"template":"highway","enabled":false},"version":2}},"categories":[6],"tags":[],"class_list":["post-28756","post","type-post","status-publish","format-standard","has-post-thumbnail","hentry","category-internacionales"],"jetpack_publicize_connections":[],"_links":{"self":[{"href":"https:\/\/diariorepublica.com.ar\/web\/index.php\/wp-json\/wp\/v2\/posts\/28756"}],"collection":[{"href":"https:\/\/diariorepublica.com.ar\/web\/index.php\/wp-json\/wp\/v2\/posts"}],"about":[{"href":"https:\/\/diariorepublica.com.ar\/web\/index.php\/wp-json\/wp\/v2\/types\/post"}],"author":[{"embeddable":true,"href":"https:\/\/diariorepublica.com.ar\/web\/index.php\/wp-json\/wp\/v2\/users\/1"}],"replies":[{"embeddable":true,"href":"https:\/\/diariorepublica.com.ar\/web\/index.php\/wp-json\/wp\/v2\/comments?post=28756"}],"version-history":[{"count":1,"href":"https:\/\/diariorepublica.com.ar\/web\/index.php\/wp-json\/wp\/v2\/posts\/28756\/revisions"}],"predecessor-version":[{"id":28758,"href":"https:\/\/diariorepublica.com.ar\/web\/index.php\/wp-json\/wp\/v2\/posts\/28756\/revisions\/28758"}],"wp:featuredmedia":[{"embeddable":true,"href":"https:\/\/diariorepublica.com.ar\/web\/index.php\/wp-json\/wp\/v2\/media\/28757"}],"wp:attachment":[{"href":"https:\/\/diariorepublica.com.ar\/web\/index.php\/wp-json\/wp\/v2\/media?parent=28756"}],"wp:term":[{"taxonomy":"category","embeddable":true,"href":"https:\/\/diariorepublica.com.ar\/web\/index.php\/wp-json\/wp\/v2\/categories?post=28756"},{"taxonomy":"post_tag","embeddable":true,"href":"https:\/\/diariorepublica.com.ar\/web\/index.php\/wp-json\/wp\/v2\/tags?post=28756"}],"curies":[{"name":"wp","href":"https:\/\/api.w.org\/{rel}","templated":true}]}}