{"id":28762,"date":"2026-01-19T16:58:05","date_gmt":"2026-01-19T19:58:05","guid":{"rendered":"https:\/\/diariorepublica.com.ar\/web\/?p=28762"},"modified":"2026-01-19T16:58:07","modified_gmt":"2026-01-19T19:58:07","slug":"santilli-sumo-el-apoyo-de-saenz-en-salta-para-impulsar-la-reforma-laboral","status":"publish","type":"post","link":"https:\/\/diariorepublica.com.ar\/web\/index.php\/politica\/2026\/01\/19\/santilli-sumo-el-apoyo-de-saenz-en-salta-para-impulsar-la-reforma-laboral\/","title":{"rendered":"Santilli sum\u00f3 el apoyo de S\u00e1enz en Salta para impulsar la reforma laboral"},"content":{"rendered":"<p>El ministro del Interior, Diego Santilli, mantuvo hoy un encuentro con el gobernador de Salta, Gustavo S\u00e1enz, como parte de la agenda federal que lo lleva a visitar las provincias en b\u00fasqueda de apoyo para sancionar las reformas que impulsa el Gobierno nacional.<\/p>\n<article class=\"article-body\">\n<div class=\"article-content\">\n<div class=\"news-body-paragraph\" data-twitter-link=\"\">\n<p>Durante la reuni\u00f3n, celebrada en la Casa de Gobierno salte\u00f1a, el titular de Interior y S\u00e1enz valoraron positivamente las acciones conjuntas articuladas entre el gobierno nacional y provincial, y coincidieron en la necesidad de que se apruebe la reforma laboral.<\/p>\n<\/div>\n<\/div>\n<\/article>\n<article class=\"article-body par-3\">\n<div class=\"article-content\">\n<div class=\"news-body-paragraph\" data-twitter-link=\"\">\n<p>La reuni\u00f3n se llev\u00f3 a cabo luego de la oficializaci\u00f3n al llamado de sesiones extraordinarias que hizo el presidente Javier Milei para el per\u00edodo que comprende\u00a0<strong>del 2 al 27 de febrero de 2026.<\/strong><\/p>\n<article class=\"article-body par-4\">\n<div class=\"article-content\">\n<div class=\"news-body-paragraph\" data-twitter-link=\"\">\n<p>El decreto firmado por Milei establece un temario limitado, con la Ley de Modernizaci\u00f3n Laboral como uno de los proyectos centrales que el Poder Ejecutivo busca debatir durante ese tiempo.<\/p>\n<\/div>\n<\/div>\n<\/article>\n<article class=\"article-body par-5\">\n<div class=\"article-content\">\n<div class=\"news-body-paragraph\" data-twitter-link=\"\">\n<p>Seg\u00fan un comunicado del Ministerio del Interior, Santilli asegur\u00f3 que \u201cning\u00fan gobernador puede estar en contra de una ley que busca generar empleo privado, aumentar la productividad y las inversiones para las provincias y la Argentina\u201d.<\/p>\n<p>Por su parte, S\u00e1enz manifest\u00f3 estar dispuesto a encontrar los consensos necesarios para avanzar en una \u201cmodernizaci\u00f3n de la legislaci\u00f3n laboral que permita hacer crecer el empleo y beneficie a todas las provincias\u201d.<\/p>\n<p>Y remarc\u00f3: \u201cNo hay que tenerle miedo al cambio ni a avanzar. Son leyes viejas que hay que ir cambiando\u201d. Por \u00faltimo, agreg\u00f3: \u201cTenemos voluntad de di\u00e1logo, de no obstruir y de acompa\u00f1ar\u201d.<\/p>\n<p>Fuentes de la cartera del Interior, aseguraron a A24.com que la reuni\u00f3n fue calificada como \u00ab<strong>muy positiva<\/strong>\u00bb tanto para Santilli como para el gobernador. \u00abEl gobernador se mostr\u00f3 a favor de acompa\u00f1ar la ley de modernizaci\u00f3n laboral\u00bb, destacaron.<\/p>\n<p>El mandatario provincial respald\u00f3 el encuentro a trav\u00e9s de una publicaci\u00f3n en redes sociales. Sobre la reuni\u00f3n, comparti\u00f3 que habl\u00f3 con Santilli sobre los \u00abdesaf\u00edos y prioridades\u00bb que tiene Salta y el Norte argentino.<\/p>\n<figure id=\"1765114-Libre Sin Limite-909239066_wrap\" class=\"embed_cont type_imagen\" contenteditable=\"false\">\n<div id=\"1765114-Libre Sin Limite-909239066_content\" class=\"embed_content\"><img loading=\"lazy\" decoding=\"async\" id=\"1765114-Libre Sin Limite-909239066_embed\" title=\"\" src=\"https:\/\/media.a24.com\/p\/c7351cb93af95a78a463bf7d6922c34e\/adjuntos\/296\/imagenes\/009\/690\/0009690294\/1200x0\/smart\/saenz-santilli.png\" alt=\"\" width=\"1200\" height=\"728\" data-td-src-property=\"https:\/\/media.a24.com\/p\/c7351cb93af95a78a463bf7d6922c34e\/adjuntos\/296\/imagenes\/009\/690\/0009690294\/1200x0\/smart\/saenz-santilli.png\" \/><\/p>\n<div class=\"zoomBTN-wrapper\">\n<div id=\"zoomBtn-1765114-Libre Sin Limite-909239066_embed\" class=\"zoomBTN icon-fullscreen\"><\/div>\n<\/div>\n<\/div><figcaption class=\"embed_wrapper-cont\">\n<div id=\"1765114-Libre Sin Limite-909239066_epigrafe\" class=\"embed_epigrafe\"><\/div>\n<div id=\"1765114-Libre Sin Limite-909239066_copyright\" class=\"embed_copyright\"><\/div>\n<\/figcaption><\/figure>\n<p>\u00abDefender a Salta es poner sobre la mesa lo que nuestra gente necesita. En ese sentido, solicit\u00e9 el avance y la finalizaci\u00f3n de obras viales y de infraestructura estrat\u00e9gica, de competencia nacional, fundamentales para la conectividad y el desarrollo\u00bb, agreg\u00f3.<\/p>\n<p>Adem\u00e1s, agreg\u00f3 que tambi\u00e9n plante\u00f3 la \u00abnecesidad de una mirada federal que acompa\u00f1e el crecimiento productivo, la inversi\u00f3n y el trabajo, entendiendo que cuando las provincias crecen, tambi\u00e9n crece el pa\u00eds\u00bb.<\/p>\n<p>Y complet\u00f3: \u00abCreo en el di\u00e1logo, en el trabajo conjunto y en la construcci\u00f3n de consensos. Con responsabilidad y compromiso, seguimos gestionando para que Salta tenga el lugar que merece\u00bb.<\/p>\n<\/div>\n<\/div>\n<\/article>\n<\/div>\n<\/div>\n<\/article>\n","protected":false},"excerpt":{"rendered":"<p>El ministro del Interior, Diego Santilli, mantuvo hoy un encuentro con el gobernador de Salta, Gustavo S\u00e1enz, como parte de<\/p>\n","protected":false},"author":1,"featured_media":28763,"comment_status":"closed","ping_status":"closed","sticky":false,"template":"","format":"standard","meta":{"footnotes":"","jetpack_publicize_message":"","jetpack_publicize_feature_enabled":true,"jetpack_social_post_already_shared":true,"jetpack_social_options":{"image_generator_settings":{"template":"highway","enabled":false},"version":2}},"categories":[12],"tags":[],"class_list":["post-28762","post","type-post","status-publish","format-standard","has-post-thumbnail","hentry","category-politica"],"jetpack_publicize_connections":[],"_links":{"self":[{"href":"https:\/\/diariorepublica.com.ar\/web\/index.php\/wp-json\/wp\/v2\/posts\/28762"}],"collection":[{"href":"https:\/\/diariorepublica.com.ar\/web\/index.php\/wp-json\/wp\/v2\/posts"}],"about":[{"href":"https:\/\/diariorepublica.com.ar\/web\/index.php\/wp-json\/wp\/v2\/types\/post"}],"author":[{"embeddable":true,"href":"https:\/\/diariorepublica.com.ar\/web\/index.php\/wp-json\/wp\/v2\/users\/1"}],"replies":[{"embeddable":true,"href":"https:\/\/diariorepublica.com.ar\/web\/index.php\/wp-json\/wp\/v2\/comments?post=28762"}],"version-history":[{"count":1,"href":"https:\/\/diariorepublica.com.ar\/web\/index.php\/wp-json\/wp\/v2\/posts\/28762\/revisions"}],"predecessor-version":[{"id":28764,"href":"https:\/\/diariorepublica.com.ar\/web\/index.php\/wp-json\/wp\/v2\/posts\/28762\/revisions\/28764"}],"wp:featuredmedia":[{"embeddable":true,"href":"https:\/\/diariorepublica.com.ar\/web\/index.php\/wp-json\/wp\/v2\/media\/28763"}],"wp:attachment":[{"href":"https:\/\/diariorepublica.com.ar\/web\/index.php\/wp-json\/wp\/v2\/media?parent=28762"}],"wp:term":[{"taxonomy":"category","embeddable":true,"href":"https:\/\/diariorepublica.com.ar\/web\/index.php\/wp-json\/wp\/v2\/categories?post=28762"},{"taxonomy":"post_tag","embeddable":true,"href":"https:\/\/diariorepublica.com.ar\/web\/index.php\/wp-json\/wp\/v2\/tags?post=28762"}],"curies":[{"name":"wp","href":"https:\/\/api.w.org\/{rel}","templated":true}]}}