{"id":28768,"date":"2026-01-19T17:01:17","date_gmt":"2026-01-19T20:01:17","guid":{"rendered":"https:\/\/diariorepublica.com.ar\/web\/?p=28768"},"modified":"2026-01-19T17:01:19","modified_gmt":"2026-01-19T20:01:19","slug":"merentiel-se-desgarro-y-esta-descartado-para-el-debut-de-boca","status":"publish","type":"post","link":"https:\/\/diariorepublica.com.ar\/web\/index.php\/deportes\/2026\/01\/19\/merentiel-se-desgarro-y-esta-descartado-para-el-debut-de-boca\/","title":{"rendered":"Merentiel se desgarr\u00f3 y est\u00e1 descartado para el debut de Boca"},"content":{"rendered":"<p>La salida prematura de Miguel Merentiel encendi\u00f3 todas las alarmas en Boca. Apenas pasados los diez minutos del amistoso ante Olimpia, el delantero pidi\u00f3 el cambio y dej\u00f3 una imagen que preocup\u00f3 al cuerpo t\u00e9cnico. Tras el partido, Claudio \u00dabeda no ocult\u00f3 su inquietud y la situaci\u00f3n se confirm\u00f3 al comenzar la semana: el uruguayo se someti\u00f3 a estudios y los resultados dieron un desgarro en el gemelo. En tanto, de m\u00ednima se perder\u00e1 el debut en el Torneo Apertura.<\/p>\n<p>La escena fue elocuente: Merentiel mir\u00f3 al banco, hizo el gesto y solicit\u00f3 la sustituci\u00f3n. Lucas Janson ingres\u00f3 de inmediato, mientras el delantero se sentaba entre los suplentes con hielo en la zona afectada, una se\u00f1al que aument\u00f3 la preocupaci\u00f3n en el mundo Boca.<\/p>\n<p>Aunque el parte m\u00e9dico oficial se conocer\u00e1 en las pr\u00f3ximas horas, ya trascendi\u00f3 la mala noticia de la lesi\u00f3n<b>\u00a0<\/b>y en el club ya trabajan con la idea de que la Bestia no estar\u00e1 disponible para el estreno.<b>\u00a0Probablemente, se ausentar\u00eda varios partidos m\u00e1s\u00a0<\/b>(Estudiantes, Newells, V\u00e9lez y Platense)<b>, aunque depender\u00e1 de la evoluci\u00f3n.<\/b><\/p>\n<p><i><b>\u201cL\u00f3gico que preocupa y nos ocupa. Lo de Miguel: ten\u00eda una peque\u00f1a molestia de un golpe y en teor\u00eda fue ah\u00ed en donde sinti\u00f3 la molestia<\/b>. Esperemos a que ma\u00f1ana le hagan estudios y que no sea nada grave. Es una posici\u00f3n en la que estamos recuperando centrodelanteros y necesitamos de todos\u201d<\/i>, explic\u00f3 \u00dabeda en conferencia de prensa.<\/p>\n<p>tycsporst.com<\/p>\n","protected":false},"excerpt":{"rendered":"<p>La salida prematura de Miguel Merentiel encendi\u00f3 todas las alarmas en Boca. Apenas pasados los diez minutos del amistoso ante<\/p>\n","protected":false},"author":1,"featured_media":28769,"comment_status":"closed","ping_status":"closed","sticky":false,"template":"","format":"standard","meta":{"footnotes":"","jetpack_publicize_message":"","jetpack_publicize_feature_enabled":true,"jetpack_social_post_already_shared":true,"jetpack_social_options":{"image_generator_settings":{"template":"highway","enabled":false},"version":2}},"categories":[9],"tags":[],"class_list":["post-28768","post","type-post","status-publish","format-standard","has-post-thumbnail","hentry","category-deportes"],"jetpack_publicize_connections":[],"_links":{"self":[{"href":"https:\/\/diariorepublica.com.ar\/web\/index.php\/wp-json\/wp\/v2\/posts\/28768"}],"collection":[{"href":"https:\/\/diariorepublica.com.ar\/web\/index.php\/wp-json\/wp\/v2\/posts"}],"about":[{"href":"https:\/\/diariorepublica.com.ar\/web\/index.php\/wp-json\/wp\/v2\/types\/post"}],"author":[{"embeddable":true,"href":"https:\/\/diariorepublica.com.ar\/web\/index.php\/wp-json\/wp\/v2\/users\/1"}],"replies":[{"embeddable":true,"href":"https:\/\/diariorepublica.com.ar\/web\/index.php\/wp-json\/wp\/v2\/comments?post=28768"}],"version-history":[{"count":1,"href":"https:\/\/diariorepublica.com.ar\/web\/index.php\/wp-json\/wp\/v2\/posts\/28768\/revisions"}],"predecessor-version":[{"id":28770,"href":"https:\/\/diariorepublica.com.ar\/web\/index.php\/wp-json\/wp\/v2\/posts\/28768\/revisions\/28770"}],"wp:featuredmedia":[{"embeddable":true,"href":"https:\/\/diariorepublica.com.ar\/web\/index.php\/wp-json\/wp\/v2\/media\/28769"}],"wp:attachment":[{"href":"https:\/\/diariorepublica.com.ar\/web\/index.php\/wp-json\/wp\/v2\/media?parent=28768"}],"wp:term":[{"taxonomy":"category","embeddable":true,"href":"https:\/\/diariorepublica.com.ar\/web\/index.php\/wp-json\/wp\/v2\/categories?post=28768"},{"taxonomy":"post_tag","embeddable":true,"href":"https:\/\/diariorepublica.com.ar\/web\/index.php\/wp-json\/wp\/v2\/tags?post=28768"}],"curies":[{"name":"wp","href":"https:\/\/api.w.org\/{rel}","templated":true}]}}