{"id":28774,"date":"2026-01-20T16:23:04","date_gmt":"2026-01-20T19:23:04","guid":{"rendered":"https:\/\/diariorepublica.com.ar\/web\/?p=28774"},"modified":"2026-01-20T16:23:06","modified_gmt":"2026-01-20T19:23:06","slug":"marcaton-record-de-ventas-y-consolidacion-del-programa","status":"publish","type":"post","link":"https:\/\/diariorepublica.com.ar\/web\/index.php\/locales\/2026\/01\/20\/marcaton-record-de-ventas-y-consolidacion-del-programa\/","title":{"rendered":"Marcat\u00f3n: r\u00e9cord de ventas y consolidaci\u00f3n del programa"},"content":{"rendered":"<p>El gobernador Ra\u00fal Jalil encabez\u00f3 una reuni\u00f3n junto al vicegobernador Rub\u00e9n Dusso y el ministro de Hacienda y Obras P\u00fablicas, Juan Marchetti, con el Gerente Zonal Catamarca Banco Naci\u00f3n, Sebasti\u00e1n Rivero, para analizar el avance del programa de descuentos Marcat\u00f3n, una herramienta clave para el consumo y el fortalecimiento del comercio local.<\/p>\n<p>En el encuentro se resalt\u00f3 que Marcat\u00f3n alcanz\u00f3 un desempe\u00f1o hist\u00f3rico en diciembre de 2025, con un r\u00e9cord de ventas de casi $10.900 millones de pesos, consolid\u00e1ndose como una pol\u00edtica de fuerte impacto econ\u00f3mico y social para las familias catamarque\u00f1as.<\/p>\n<p>Desde que se lanz\u00f3, la facturaci\u00f3n del programa viene creciendo y pr\u00e1cticamente se duplic\u00f3 en el per\u00edodo de junio-diciembre (+96,8%), alcanzando los $10.896 millones en diciembre. Esto represent\u00f3 ventas superiores, en valores nominales, al m\u00e1ximo del programa D\u00edas de Ensue\u00f1o ($9.899 millones en abril de 2025). Es importante resaltar que, para lograr dicho impacto econ\u00f3mico, en abril 2025, el aporte del Gobierno rondaba los $1.240 millones, mientras que, en el presente programa, para diciembre, estos alcanzan los $500 millones, lo que implica un uso m\u00e1s eficiente de los fondos p\u00fablicos.<\/p>\n<p>Otro de los datos que arroj\u00f3 la reuni\u00f3n es que se realizaron un total de 148.344 operaciones, con un ticket promedio de $73.452.<\/p>\n<p>En este contexto, el gobernador Ra\u00fal Jalil subray\u00f3 el rol estrat\u00e9gico de la entidad bancaria en el desarrollo local. \u201cEl Banco Naci\u00f3n es un aliado clave del Gobierno provincial y los comerciantes locales para brindar promociones y beneficios a los catamarque\u00f1os\u201d, afirm\u00f3, y remarc\u00f3 la importancia de sostener pol\u00edticas financieras que impulsen la actividad econ\u00f3mica.<\/p>\n<p>Finalmente, las autoridades ratificaron al Banco Naci\u00f3n como agente financiero de la Provincia y acordaron extender el v\u00ednculo institucional por un plazo de 10 a\u00f1os, reafirmando el trabajo conjunto para acompa\u00f1ar el crecimiento econ\u00f3mico de Catamarca.<\/p>\n<p><strong>M\u00e1s acceso a tarjetas de cr\u00e9dito<\/strong><\/p>\n<p>Otro de los puntos destacados fue el crecimiento sostenido en la emisi\u00f3n de tarjetas de cr\u00e9dito por parte del Banco Naci\u00f3n. Entre diciembre de 2024 y diciembre de 2025 se emitieron m\u00e1s de 40.000 tarjetas destinadas a distintos sectores y agentes provinciales, incluidos beneficiarios de becas, lo que ampli\u00f3 el acceso a herramientas financieras y potenci\u00f3 el alcance del programa.<\/p>\n","protected":false},"excerpt":{"rendered":"<p>El gobernador Ra\u00fal Jalil encabez\u00f3 una reuni\u00f3n junto al vicegobernador Rub\u00e9n Dusso y el ministro de Hacienda y Obras P\u00fablicas,<\/p>\n","protected":false},"author":1,"featured_media":28775,"comment_status":"closed","ping_status":"closed","sticky":false,"template":"","format":"standard","meta":{"footnotes":"","jetpack_publicize_message":"","jetpack_publicize_feature_enabled":true,"jetpack_social_post_already_shared":true,"jetpack_social_options":{"image_generator_settings":{"template":"highway","enabled":false},"version":2}},"categories":[2],"tags":[],"class_list":["post-28774","post","type-post","status-publish","format-standard","has-post-thumbnail","hentry","category-locales"],"jetpack_publicize_connections":[],"_links":{"self":[{"href":"https:\/\/diariorepublica.com.ar\/web\/index.php\/wp-json\/wp\/v2\/posts\/28774"}],"collection":[{"href":"https:\/\/diariorepublica.com.ar\/web\/index.php\/wp-json\/wp\/v2\/posts"}],"about":[{"href":"https:\/\/diariorepublica.com.ar\/web\/index.php\/wp-json\/wp\/v2\/types\/post"}],"author":[{"embeddable":true,"href":"https:\/\/diariorepublica.com.ar\/web\/index.php\/wp-json\/wp\/v2\/users\/1"}],"replies":[{"embeddable":true,"href":"https:\/\/diariorepublica.com.ar\/web\/index.php\/wp-json\/wp\/v2\/comments?post=28774"}],"version-history":[{"count":1,"href":"https:\/\/diariorepublica.com.ar\/web\/index.php\/wp-json\/wp\/v2\/posts\/28774\/revisions"}],"predecessor-version":[{"id":28776,"href":"https:\/\/diariorepublica.com.ar\/web\/index.php\/wp-json\/wp\/v2\/posts\/28774\/revisions\/28776"}],"wp:featuredmedia":[{"embeddable":true,"href":"https:\/\/diariorepublica.com.ar\/web\/index.php\/wp-json\/wp\/v2\/media\/28775"}],"wp:attachment":[{"href":"https:\/\/diariorepublica.com.ar\/web\/index.php\/wp-json\/wp\/v2\/media?parent=28774"}],"wp:term":[{"taxonomy":"category","embeddable":true,"href":"https:\/\/diariorepublica.com.ar\/web\/index.php\/wp-json\/wp\/v2\/categories?post=28774"},{"taxonomy":"post_tag","embeddable":true,"href":"https:\/\/diariorepublica.com.ar\/web\/index.php\/wp-json\/wp\/v2\/tags?post=28774"}],"curies":[{"name":"wp","href":"https:\/\/api.w.org\/{rel}","templated":true}]}}