{"id":28798,"date":"2026-01-21T16:23:17","date_gmt":"2026-01-21T19:23:17","guid":{"rendered":"https:\/\/diariorepublica.com.ar\/web\/?p=28798"},"modified":"2026-01-21T16:23:19","modified_gmt":"2026-01-21T19:23:19","slug":"catamarca-presente-en-fitur-2026-para-potenciar-su-proyeccion-internacional","status":"publish","type":"post","link":"https:\/\/diariorepublica.com.ar\/web\/index.php\/sociedad\/2026\/01\/21\/catamarca-presente-en-fitur-2026-para-potenciar-su-proyeccion-internacional\/","title":{"rendered":"Catamarca presente en FITUR 2026 para potenciar su proyecci\u00f3n internacional"},"content":{"rendered":"<p>Catamarca dio inicio a su participaci\u00f3n en la Feria Internacional de Turismo (FITUR) 2026, uno de los encuentros tur\u00edsticos m\u00e1s importantes del mundo y el principal del mercado espa\u00f1ol, que se desarrolla desde este mi\u00e9rcoles y hasta el domingo 25 de enero en la ciudad de Madrid, Espa\u00f1a.<\/p>\n<p>La provincia integra el stand de Argentina, un espacio que concentra a m\u00e1s de 70 empresas, representantes provinciales y 21 destinos nacionales, consolid\u00e1ndose como un escenario estrat\u00e9gico para fortalecer la promoci\u00f3n del turismo argentino, generar acuerdos y atraer inversiones en un contexto de apertura, confianza y proyecci\u00f3n global.<\/p>\n<p>En esta edici\u00f3n, Catamarca est\u00e1 representada por la secretaria de Gesti\u00f3n Tur\u00edstica, Evangelina Quar\u00edn, quien forma parte de la comitiva oficial junto a referentes del sector privado, entre ellos las agencias Jumeal Viajes y Catamarca Aventura. Durante la feria, la delegaci\u00f3n desarrolla una agenda de reuniones, rondas de negocios y acciones promocionales orientadas a afianzar el posicionamiento del destino y a generar v\u00ednculos con actores clave del mercado internacional.<\/p>\n<p>Al respecto, Quar\u00edn destac\u00f3 la importancia de la presencia de la provincia en FITUR Madrid 2026, al tratarse de una feria estrat\u00e9gica para el posicionamiento internacional, que permite no solo visibilizar la oferta tur\u00edstica de Catamarca, sino tambi\u00e9n avanzar en oportunidades concretas de inversi\u00f3n y cooperaci\u00f3n para el desarrollo del sector.<\/p>\n<p>La participaci\u00f3n en FITUR constituye una instancia clave para continuar consolidando a Catamarca como un destino con identidad y potencial de crecimiento, fortaleciendo el trabajo conjunto con el sector privado y promoviendo al turismo como un motor de desarrollo para las comunidades locales.<\/p>\n<p>La presencia catamarque\u00f1a en esta feria internacional se lleva adelante con el apoyo del Consejo Federal de Inversiones (CFI), en el marco de las acciones destinadas a impulsar el desarrollo productivo, tur\u00edstico y cultural de la provincia, con una mirada puesta en el crecimiento sostenible del turismo.<\/p>\n","protected":false},"excerpt":{"rendered":"<p>Catamarca dio inicio a su participaci\u00f3n en la Feria Internacional de Turismo (FITUR) 2026, uno de los encuentros tur\u00edsticos m\u00e1s<\/p>\n","protected":false},"author":1,"featured_media":28799,"comment_status":"closed","ping_status":"closed","sticky":false,"template":"","format":"standard","meta":{"footnotes":"","jetpack_publicize_message":"","jetpack_publicize_feature_enabled":true,"jetpack_social_post_already_shared":true,"jetpack_social_options":{"image_generator_settings":{"template":"highway","enabled":false},"version":2}},"categories":[3],"tags":[],"class_list":["post-28798","post","type-post","status-publish","format-standard","has-post-thumbnail","hentry","category-sociedad"],"jetpack_publicize_connections":[],"_links":{"self":[{"href":"https:\/\/diariorepublica.com.ar\/web\/index.php\/wp-json\/wp\/v2\/posts\/28798"}],"collection":[{"href":"https:\/\/diariorepublica.com.ar\/web\/index.php\/wp-json\/wp\/v2\/posts"}],"about":[{"href":"https:\/\/diariorepublica.com.ar\/web\/index.php\/wp-json\/wp\/v2\/types\/post"}],"author":[{"embeddable":true,"href":"https:\/\/diariorepublica.com.ar\/web\/index.php\/wp-json\/wp\/v2\/users\/1"}],"replies":[{"embeddable":true,"href":"https:\/\/diariorepublica.com.ar\/web\/index.php\/wp-json\/wp\/v2\/comments?post=28798"}],"version-history":[{"count":1,"href":"https:\/\/diariorepublica.com.ar\/web\/index.php\/wp-json\/wp\/v2\/posts\/28798\/revisions"}],"predecessor-version":[{"id":28800,"href":"https:\/\/diariorepublica.com.ar\/web\/index.php\/wp-json\/wp\/v2\/posts\/28798\/revisions\/28800"}],"wp:featuredmedia":[{"embeddable":true,"href":"https:\/\/diariorepublica.com.ar\/web\/index.php\/wp-json\/wp\/v2\/media\/28799"}],"wp:attachment":[{"href":"https:\/\/diariorepublica.com.ar\/web\/index.php\/wp-json\/wp\/v2\/media?parent=28798"}],"wp:term":[{"taxonomy":"category","embeddable":true,"href":"https:\/\/diariorepublica.com.ar\/web\/index.php\/wp-json\/wp\/v2\/categories?post=28798"},{"taxonomy":"post_tag","embeddable":true,"href":"https:\/\/diariorepublica.com.ar\/web\/index.php\/wp-json\/wp\/v2\/tags?post=28798"}],"curies":[{"name":"wp","href":"https:\/\/api.w.org\/{rel}","templated":true}]}}