{"id":28804,"date":"2026-01-21T15:26:00","date_gmt":"2026-01-21T18:26:00","guid":{"rendered":"https:\/\/diariorepublica.com.ar\/web\/?p=28804"},"modified":"2026-01-21T16:26:57","modified_gmt":"2026-01-21T19:26:57","slug":"glencore-y-el-gobierno-de-catamarca-ratificaron-la-continuidad-de-los-proyectos-mineros","status":"publish","type":"post","link":"https:\/\/diariorepublica.com.ar\/web\/index.php\/locales\/2026\/01\/21\/glencore-y-el-gobierno-de-catamarca-ratificaron-la-continuidad-de-los-proyectos-mineros\/","title":{"rendered":"Glencore y el Gobierno de Catamarca ratificaron la continuidad de los proyectos mineros"},"content":{"rendered":"<p>Ejecutivos de la empresa minera Glencore mantuvieron una reuni\u00f3n institucional con el gobernador de Catamarca, Ra\u00fal Jalil, con el objetivo de ratificar la continuidad de la agenda de trabajo vinculada al desarrollo de los proyectos mineros en la provincia. Del encuentro participaron adem\u00e1s el ministro de Miner\u00eda saliente, Marcelo Mur\u00faa, y la ministra entrante, Teresita Regalado, en un contexto de transici\u00f3n dentro de la cartera minera provincial.<\/p>\n<p>La delegaci\u00f3n empresarial estuvo encabezada por el CEO de Glencore Argentina, Mart\u00edn P\u00e9rez de Solay, y por el gerente de Relaciones Institucionales del proyecto MARA, Pablo Lilljedahl, quienes destacaron la importancia de sostener una relaci\u00f3n institucional fluida con el Gobierno provincial y de continuar avanzando en los proyectos estrat\u00e9gicos que la compa\u00f1\u00eda desarrolla en Catamarca.<\/p>\n<p>La reuni\u00f3n se llev\u00f3 a cabo en el recientemente inaugurado Centro de Arte y Tecnolog\u00eda Aplicada (CATA), un espacio que busca integrar innovaci\u00f3n, identidad cultural y producci\u00f3n. En ese marco, las autoridades recorrieron distintos sectores del edificio, que pone en valor expresiones art\u00edsticas y tecnol\u00f3gicas propias de la provincia. Entre los espacios visitados se destac\u00f3 la sala dedicada a la miner\u00eda, donde se refleja tanto la historia como el presente de una actividad clave para la matriz productiva catamarque\u00f1a.<\/p>\n<p>Durante el encuentro, las partes coincidieron en la necesidad de sostener una l\u00ednea de trabajo articulada entre el Estado provincial y el sector privado, especialmente en un escenario de recambio de autoridades en el Ministerio de Miner\u00eda. En ese sentido, se subray\u00f3 la importancia de garantizar continuidad institucional, previsibilidad y reglas claras para acompa\u00f1ar el desarrollo de los proyectos mineros en curso y los que se proyectan a futuro.<\/p>\n<p>Desde el Gobierno provincial remarcaron que la miner\u00eda representa uno de los pilares econ\u00f3micos de Catamarca y que su desarrollo debe darse bajo criterios de planificaci\u00f3n, control estatal y sostenibilidad. La presencia de las autoridades saliente y entrante de la cartera minera fue le\u00edda como una se\u00f1al de transici\u00f3n ordenada, orientada a asegurar que los cambios en la conducci\u00f3n no alteren el rumbo de las pol\u00edticas p\u00fablicas del sector.<\/p>\n<p>En ese contexto, se reafirm\u00f3 la voluntad de profundizar el di\u00e1logo institucional, fortalecer los mecanismos de planificaci\u00f3n a largo plazo y acompa\u00f1ar las iniciativas productivas que generan empleo, inversiones y desarrollo local. Tanto el Ejecutivo provincial como la empresa coincidieron en que el trabajo coordinado resulta fundamental para enfrentar los desaf\u00edos del sector y consolidar una miner\u00eda responsable, alineada con las demandas sociales y ambientales.<\/p>\n<p>Al t\u00e9rmino del encuentro, el CEO de Glencore Argentina, Mart\u00edn P\u00e9rez de Solay, destac\u00f3 la predisposici\u00f3n de las autoridades provinciales y valor\u00f3 la continuidad institucional demostrada durante la transici\u00f3n en el Ministerio de Miner\u00eda. \u00abValoramos la apertura al di\u00e1logo y la continuidad institucional demostradas por las autoridades provinciales. El Ministerio de Miner\u00eda cumple un rol fundamental para impulsar un desarrollo minero responsable, y creemos que el trabajo coordinado, con reglas claras y previsibilidad, es clave para promover el desarrollo productivo y el crecimiento sostenible de Catamarca\u00bb, se\u00f1al\u00f3.<\/p>\n<p>La reuni\u00f3n se inscribe en una serie de encuentros que la compa\u00f1\u00eda viene manteniendo con autoridades provinciales, en un contexto en el que la miner\u00eda contin\u00faa siendo un eje central del debate econ\u00f3mico y pol\u00edtico en la provincia. Desde el Gobierno, en tanto, sostienen que la articulaci\u00f3n con empresas del sector resulta indispensable para consolidar inversiones, fortalecer el control estatal y asegurar que los beneficios de la actividad impacten de manera positiva en las comunidades locales.<\/p>\n","protected":false},"excerpt":{"rendered":"<p>Ejecutivos de la empresa minera Glencore mantuvieron una reuni\u00f3n institucional con el gobernador de Catamarca, Ra\u00fal Jalil, con el objetivo<\/p>\n","protected":false},"author":1,"featured_media":28805,"comment_status":"closed","ping_status":"closed","sticky":false,"template":"","format":"standard","meta":{"footnotes":"","jetpack_publicize_message":"","jetpack_publicize_feature_enabled":true,"jetpack_social_post_already_shared":true,"jetpack_social_options":{"image_generator_settings":{"template":"highway","enabled":false},"version":2}},"categories":[2],"tags":[],"class_list":["post-28804","post","type-post","status-publish","format-standard","has-post-thumbnail","hentry","category-locales"],"jetpack_publicize_connections":[],"_links":{"self":[{"href":"https:\/\/diariorepublica.com.ar\/web\/index.php\/wp-json\/wp\/v2\/posts\/28804"}],"collection":[{"href":"https:\/\/diariorepublica.com.ar\/web\/index.php\/wp-json\/wp\/v2\/posts"}],"about":[{"href":"https:\/\/diariorepublica.com.ar\/web\/index.php\/wp-json\/wp\/v2\/types\/post"}],"author":[{"embeddable":true,"href":"https:\/\/diariorepublica.com.ar\/web\/index.php\/wp-json\/wp\/v2\/users\/1"}],"replies":[{"embeddable":true,"href":"https:\/\/diariorepublica.com.ar\/web\/index.php\/wp-json\/wp\/v2\/comments?post=28804"}],"version-history":[{"count":1,"href":"https:\/\/diariorepublica.com.ar\/web\/index.php\/wp-json\/wp\/v2\/posts\/28804\/revisions"}],"predecessor-version":[{"id":28806,"href":"https:\/\/diariorepublica.com.ar\/web\/index.php\/wp-json\/wp\/v2\/posts\/28804\/revisions\/28806"}],"wp:featuredmedia":[{"embeddable":true,"href":"https:\/\/diariorepublica.com.ar\/web\/index.php\/wp-json\/wp\/v2\/media\/28805"}],"wp:attachment":[{"href":"https:\/\/diariorepublica.com.ar\/web\/index.php\/wp-json\/wp\/v2\/media?parent=28804"}],"wp:term":[{"taxonomy":"category","embeddable":true,"href":"https:\/\/diariorepublica.com.ar\/web\/index.php\/wp-json\/wp\/v2\/categories?post=28804"},{"taxonomy":"post_tag","embeddable":true,"href":"https:\/\/diariorepublica.com.ar\/web\/index.php\/wp-json\/wp\/v2\/tags?post=28804"}],"curies":[{"name":"wp","href":"https:\/\/api.w.org\/{rel}","templated":true}]}}