{"id":28807,"date":"2026-01-21T10:27:00","date_gmt":"2026-01-21T13:27:00","guid":{"rendered":"https:\/\/diariorepublica.com.ar\/web\/?p=28807"},"modified":"2026-01-21T16:28:16","modified_gmt":"2026-01-21T19:28:16","slug":"el-gobierno-recibio-a-inti-energy-para-analizar-proyectos-de-parques-solares-en-distintas-regiones","status":"publish","type":"post","link":"https:\/\/diariorepublica.com.ar\/web\/index.php\/locales\/2026\/01\/21\/el-gobierno-recibio-a-inti-energy-para-analizar-proyectos-de-parques-solares-en-distintas-regiones\/","title":{"rendered":"El Gobierno recibi\u00f3 a Inti Energy para analizar proyectos de parques solares en distintas regiones"},"content":{"rendered":"<div class=\"data\">\n<div class=\"inner-share-bar cf\">\n<div class=\"item\"><span style=\"font-size: 15px;\">El gobernador Ra\u00fal Jalil, junto al vicepresidente de la empresa Energ\u00eda Catamarca SAPEM, H\u00e9ctor B\u00f3scolo, recibi\u00f3 en Casa de Gobierno a representantes de la firma Inti Energy, quienes presentaron su plan de inversi\u00f3n para el desarrollo de parques solares en distintos puntos del territorio provincial.<\/span><\/div>\n<\/div>\n<\/div>\n<div class=\"txt_contenido\">\n<p>El encuentro se inscribe en la agenda de trabajo que el Gobierno de Catamarca viene impulsando con empresas del sector energ\u00e9tico, como BGH, Total Energy, VIPSA, entre otras, con cuyos referentes se reunieron oportunamente. Esto se da en el marco de una pol\u00edtica orientada a fortalecer y diversificar la matriz provincial a trav\u00e9s de fuentes renovables, entendiendo que este tipo de inversiones no solo aportan a la sostenibilidad ambiental, sino que tambi\u00e9n generan oportunidades de crecimiento productivo, empleo y mayor autonom\u00eda energ\u00e9tica.<\/p>\n<p>Inti Energy expuso una propuesta que contempla la instalaci\u00f3n de parques solares de peque\u00f1a, mediana y mayor envergadura, distribuidos estrat\u00e9gicamente desde el Este hasta el Oeste de la provincia, con el objetivo de abastecer distintas zonas y responder a las demandas locales de generaci\u00f3n.<\/p>\n<p>En ese contexto, H\u00e9ctor B\u00f3scolo explic\u00f3 que la iniciativa presentada se alinea con el esquema que hoy promueve el mercado el\u00e9ctrico nacional. \u201cLa idea es contractualizar con la distribuidora, como hoy busca el mercado el\u00e9ctrico por decisi\u00f3n del gobierno nacional, a trav\u00e9s de contratos con privados\u201d, detall\u00f3.<\/p>\n<\/div>\n","protected":false},"excerpt":{"rendered":"<p>El gobernador Ra\u00fal Jalil, junto al vicepresidente de la empresa Energ\u00eda Catamarca SAPEM, H\u00e9ctor B\u00f3scolo, recibi\u00f3 en Casa de Gobierno<\/p>\n","protected":false},"author":1,"featured_media":28808,"comment_status":"closed","ping_status":"closed","sticky":false,"template":"","format":"standard","meta":{"footnotes":"","jetpack_publicize_message":"","jetpack_publicize_feature_enabled":true,"jetpack_social_post_already_shared":true,"jetpack_social_options":{"image_generator_settings":{"template":"highway","enabled":false},"version":2}},"categories":[2],"tags":[],"class_list":["post-28807","post","type-post","status-publish","format-standard","has-post-thumbnail","hentry","category-locales"],"jetpack_publicize_connections":[],"_links":{"self":[{"href":"https:\/\/diariorepublica.com.ar\/web\/index.php\/wp-json\/wp\/v2\/posts\/28807"}],"collection":[{"href":"https:\/\/diariorepublica.com.ar\/web\/index.php\/wp-json\/wp\/v2\/posts"}],"about":[{"href":"https:\/\/diariorepublica.com.ar\/web\/index.php\/wp-json\/wp\/v2\/types\/post"}],"author":[{"embeddable":true,"href":"https:\/\/diariorepublica.com.ar\/web\/index.php\/wp-json\/wp\/v2\/users\/1"}],"replies":[{"embeddable":true,"href":"https:\/\/diariorepublica.com.ar\/web\/index.php\/wp-json\/wp\/v2\/comments?post=28807"}],"version-history":[{"count":1,"href":"https:\/\/diariorepublica.com.ar\/web\/index.php\/wp-json\/wp\/v2\/posts\/28807\/revisions"}],"predecessor-version":[{"id":28809,"href":"https:\/\/diariorepublica.com.ar\/web\/index.php\/wp-json\/wp\/v2\/posts\/28807\/revisions\/28809"}],"wp:featuredmedia":[{"embeddable":true,"href":"https:\/\/diariorepublica.com.ar\/web\/index.php\/wp-json\/wp\/v2\/media\/28808"}],"wp:attachment":[{"href":"https:\/\/diariorepublica.com.ar\/web\/index.php\/wp-json\/wp\/v2\/media?parent=28807"}],"wp:term":[{"taxonomy":"category","embeddable":true,"href":"https:\/\/diariorepublica.com.ar\/web\/index.php\/wp-json\/wp\/v2\/categories?post=28807"},{"taxonomy":"post_tag","embeddable":true,"href":"https:\/\/diariorepublica.com.ar\/web\/index.php\/wp-json\/wp\/v2\/tags?post=28807"}],"curies":[{"name":"wp","href":"https:\/\/api.w.org\/{rel}","templated":true}]}}